{"id":13517,"date":"2026-04-24T19:11:43","date_gmt":"2026-04-24T19:11:43","guid":{"rendered":"https:\/\/primerplanoirapuato.com\/?p=13517"},"modified":"2026-04-24T19:11:43","modified_gmt":"2026-04-24T19:11:43","slug":"encabeza-yozajamby-molina-jornada-del-dia-del-pueblo-en-santa-ana-pacueco","status":"publish","type":"post","link":"https:\/\/primerplanoirapuato.com\/index.php\/2026\/04\/24\/encabeza-yozajamby-molina-jornada-del-dia-del-pueblo-en-santa-ana-pacueco\/","title":{"rendered":"Encabeza Yozajamby Molina jornada del \u201cD\u00eda del Pueblo\u201d en Santa Ana Pacueco"},"content":{"rendered":"\n<p>P\u00e9njamo, Gto., 24 de abril de 2026.\u2014 La presidenta municipal, Yozajamby Florencia Molina Balver, encabez\u00f3 una jornada m\u00e1s del programa \u201cD\u00eda del Pueblo\u201d en la delegaci\u00f3n de Santa Ana Pacueco, iniciativa que busca acercar los servicios del gobierno directamente a la ciudadan\u00eda en sus colonias y comunidades.<\/p>\n\n\n\n<p>Durante el evento, la alcaldesa supervis\u00f3 la instalaci\u00f3n de m\u00f3dulos de atenci\u00f3n de diversas dependencias municipales, donde se brind\u00f3 asesor\u00eda, se recibieron solicitudes y se dio seguimiento a problem\u00e1ticas planteadas por las y los habitantes. Este ejercicio tiene como prop\u00f3sito fortalecer la cercan\u00eda institucional y agilizar la respuesta a las necesidades sociales.<\/p>\n\n\n\n<p>En materia de infraestructura, la presidenta municipal dio a conocer que se contemplan obras de gran impacto para la delegaci\u00f3n, entre ellas la pavimentaci\u00f3n de vialidades estrat\u00e9gicas que mejorar\u00e1n la movilidad y el acceso a espacios deportivos y de convivencia. Asimismo, se prev\u00e9 la continuidad de mejoras en el bulevar principal y la coordinaci\u00f3n con instancias como Capufe para impulsar proyectos de conectividad.<\/p>\n\n\n\n<p>De igual forma, destac\u00f3 que los programas de apoyo social y al sector agropecuario contin\u00faan entreg\u00e1ndose de manera directa, priorizando a quienes realmente lo necesitan, como parte de una pol\u00edtica de atenci\u00f3n equitativa en todo el municipio.<\/p>\n","protected":false},"excerpt":{"rendered":"<p>P\u00e9njamo, Gto., 24 de abril de 2026.\u2014 La presidenta municipal, Yozajamby Florencia Molina Balver, encabez\u00f3 una jornada m\u00e1s del programa \u201cD\u00eda del Pueblo\u201d en la delegaci\u00f3n de Santa Ana Pacueco, iniciativa que busca acercar los servicios del gobierno directamente a la ciudadan\u00eda en sus colonias y comunidades. Durante el evento, la alcaldesa supervis\u00f3 la instalaci\u00f3n&#8230;<\/p>\n","protected":false},"author":1,"featured_media":13518,"comment_status":"open","ping_status":"closed","sticky":false,"template":"","format":"standard","meta":{"footnotes":""},"categories":[9],"tags":[],"class_list":["post-13517","post","type-post","status-publish","format-standard","has-post-thumbnail","hentry","category-nacional"],"_links":{"self":[{"href":"https:\/\/primerplanoirapuato.com\/index.php\/wp-json\/wp\/v2\/posts\/13517","targetHints":{"allow":["GET"]}}],"collection":[{"href":"https:\/\/primerplanoirapuato.com\/index.php\/wp-json\/wp\/v2\/posts"}],"about":[{"href":"https:\/\/primerplanoirapuato.com\/index.php\/wp-json\/wp\/v2\/types\/post"}],"author":[{"embeddable":true,"href":"https:\/\/primerplanoirapuato.com\/index.php\/wp-json\/wp\/v2\/users\/1"}],"replies":[{"embeddable":true,"href":"https:\/\/primerplanoirapuato.com\/index.php\/wp-json\/wp\/v2\/comments?post=13517"}],"version-history":[{"count":1,"href":"https:\/\/primerplanoirapuato.com\/index.php\/wp-json\/wp\/v2\/posts\/13517\/revisions"}],"predecessor-version":[{"id":13519,"href":"https:\/\/primerplanoirapuato.com\/index.php\/wp-json\/wp\/v2\/posts\/13517\/revisions\/13519"}],"wp:featuredmedia":[{"embeddable":true,"href":"https:\/\/primerplanoirapuato.com\/index.php\/wp-json\/wp\/v2\/media\/13518"}],"wp:attachment":[{"href":"https:\/\/primerplanoirapuato.com\/index.php\/wp-json\/wp\/v2\/media?parent=13517"}],"wp:term":[{"taxonomy":"category","embeddable":true,"href":"https:\/\/primerplanoirapuato.com\/index.php\/wp-json\/wp\/v2\/categories?post=13517"},{"taxonomy":"post_tag","embeddable":true,"href":"https:\/\/primerplanoirapuato.com\/index.php\/wp-json\/wp\/v2\/tags?post=13517"}],"curies":[{"name":"wp","href":"https:\/\/api.w.org\/{rel}","templated":true}]}}