{"id":13511,"date":"2026-04-24T16:36:52","date_gmt":"2026-04-24T16:36:52","guid":{"rendered":"https:\/\/primerplanoirapuato.com\/?p=13511"},"modified":"2026-04-24T16:36:52","modified_gmt":"2026-04-24T16:36:52","slug":"finaliza-programa-de-reactivacion-social-juntos-con-paso-firme-en-san-juan-de-retana","status":"publish","type":"post","link":"https:\/\/primerplanoirapuato.com\/index.php\/2026\/04\/24\/finaliza-programa-de-reactivacion-social-juntos-con-paso-firme-en-san-juan-de-retana\/","title":{"rendered":"FINALIZA PROGRAMA DE REACTIVACI\u00d3N SOCIAL &#8216;JUNTOS CON PASO FIRME&#8217; EN SAN JUAN DE RETANA"},"content":{"rendered":"\n<p>Vecinas y vecinos de la colonia San Juan de Retana hicieron el cierre de actividades del programa &#8216;Juntos Con Paso Firme&#8217;, junto a autoridades del Gobierno de Irapuato, encabezado por la presidenta Lorena Alfaro.&nbsp;<\/p>\n\n\n\n<p>Este programa, impulsado a trav\u00e9s del Sistema DIF Irapuato, con el apoyo de diversas dependencias municipales, permiti\u00f3 reactivar los centros sociales que permanec\u00edan sin operaci\u00f3n tras la pandemia, transform\u00e1ndolos en espacios vivos de aprendizaje, convivencia y desarrollo comunitario.<\/p>\n\n\n\n<p>A trav\u00e9s de &#8216;Juntos con Paso Firme&#8217;, se desarrollaron actividades como talleres de oficios, capacitaciones, din\u00e1micas de integraci\u00f3n social, activaci\u00f3n f\u00edsica y atenci\u00f3n m\u00e9dica, generando herramientas reales para el desarrollo personal y familiar de las y los participantes.<\/p>\n\n\n\n<p>Uno de los principales logros fue la reactivaci\u00f3n del Centro Social de San Juan de Retana, el cual pas\u00f3 de ser un espacio sin actividad a convertirse en un punto de encuentro comunitario, con infraestructura mejorada, \u00e1reas deportivas funcionales y una oferta permanente de actividades.<\/p>\n\n\n\n<p>Durante su intervenci\u00f3n, la Presidenta Municipal mencion\u00f3 la importancia de la participaci\u00f3n social en este tipo de programas.<\/p>\n\n\n\n<p>Adem\u00e1s, Alfaro Garc\u00eda anunci\u00f3 que estos espacios evolucionar\u00e1n a Centros Convive, donde la participaci\u00f3n familiar ser\u00e1 clave.<\/p>\n","protected":false},"excerpt":{"rendered":"<p>Vecinas y vecinos de la colonia San Juan de Retana hicieron el cierre de actividades del programa &#8216;Juntos Con Paso Firme&#8217;, junto a autoridades del Gobierno de Irapuato, encabezado por la presidenta Lorena Alfaro.&nbsp; Este programa, impulsado a trav\u00e9s del Sistema DIF Irapuato, con el apoyo de diversas dependencias municipales, permiti\u00f3 reactivar los centros sociales&#8230;<\/p>\n","protected":false},"author":1,"featured_media":13512,"comment_status":"open","ping_status":"closed","sticky":false,"template":"","format":"standard","meta":{"footnotes":""},"categories":[8],"tags":[],"class_list":["post-13511","post","type-post","status-publish","format-standard","has-post-thumbnail","hentry","category-irapuato"],"_links":{"self":[{"href":"https:\/\/primerplanoirapuato.com\/index.php\/wp-json\/wp\/v2\/posts\/13511","targetHints":{"allow":["GET"]}}],"collection":[{"href":"https:\/\/primerplanoirapuato.com\/index.php\/wp-json\/wp\/v2\/posts"}],"about":[{"href":"https:\/\/primerplanoirapuato.com\/index.php\/wp-json\/wp\/v2\/types\/post"}],"author":[{"embeddable":true,"href":"https:\/\/primerplanoirapuato.com\/index.php\/wp-json\/wp\/v2\/users\/1"}],"replies":[{"embeddable":true,"href":"https:\/\/primerplanoirapuato.com\/index.php\/wp-json\/wp\/v2\/comments?post=13511"}],"version-history":[{"count":1,"href":"https:\/\/primerplanoirapuato.com\/index.php\/wp-json\/wp\/v2\/posts\/13511\/revisions"}],"predecessor-version":[{"id":13513,"href":"https:\/\/primerplanoirapuato.com\/index.php\/wp-json\/wp\/v2\/posts\/13511\/revisions\/13513"}],"wp:featuredmedia":[{"embeddable":true,"href":"https:\/\/primerplanoirapuato.com\/index.php\/wp-json\/wp\/v2\/media\/13512"}],"wp:attachment":[{"href":"https:\/\/primerplanoirapuato.com\/index.php\/wp-json\/wp\/v2\/media?parent=13511"}],"wp:term":[{"taxonomy":"category","embeddable":true,"href":"https:\/\/primerplanoirapuato.com\/index.php\/wp-json\/wp\/v2\/categories?post=13511"},{"taxonomy":"post_tag","embeddable":true,"href":"https:\/\/primerplanoirapuato.com\/index.php\/wp-json\/wp\/v2\/tags?post=13511"}],"curies":[{"name":"wp","href":"https:\/\/api.w.org\/{rel}","templated":true}]}}