{"id":13508,"date":"2026-04-24T15:30:34","date_gmt":"2026-04-24T15:30:34","guid":{"rendered":"https:\/\/primerplanoirapuato.com\/?p=13508"},"modified":"2026-04-24T15:31:57","modified_gmt":"2026-04-24T15:31:57","slug":"valeria-alfaro-mantiene-postura-indefinida-rumbo-a-2027-y-prioriza-trabajo-en-dif-irapuato","status":"publish","type":"post","link":"https:\/\/primerplanoirapuato.com\/index.php\/2026\/04\/24\/valeria-alfaro-mantiene-postura-indefinida-rumbo-a-2027-y-prioriza-trabajo-en-dif-irapuato\/","title":{"rendered":"Valeria Alfaro mantiene postura indefinida rumbo a 2027 y prioriza trabajo en DIF Irapuato"},"content":{"rendered":"\n<p>La presidenta del DIF municipal, Valeria Alfaro Garc\u00eda, se mantiene sin una postura definida ante las versiones que la colocan como posible aspirante a un cargo de elecci\u00f3n popular en el proceso electoral de 2027.<\/p>\n\n\n\n<p>La funcionaria reconoci\u00f3 que de manera constante surgen se\u00f1alamientos en ese sentido, sin embargo, dej\u00f3 en claro que por el momento no ha tomado una decisi\u00f3n y se apegar\u00e1 a los tiempos internos de su partido, Acci\u00f3n Nacional.<\/p>\n\n\n\n<p>Alfaro Garc\u00eda destac\u00f3 su trayectoria dentro del instituto pol\u00edtico, al referir que cuenta con m\u00e1s de dos d\u00e9cadas de militancia, por lo que ser\u00e1 respetuosa de los procesos y definiciones que se generen al interior del mismo.<\/p>\n\n\n\n<p>Indic\u00f3 que en caso de que exista un eventual llamado o propuesta formal, estar\u00e1 en condiciones de analizar el escenario y realizar las valoraciones correspondientes antes de asumir cualquier postura.<\/p>\n\n\n\n<p>Subray\u00f3 que, en la actualidad, su atenci\u00f3n se encuentra completamente enfocada en el trabajo institucional que encabeza dentro del DIF Irapuato, donde afirm\u00f3 mantiene una responsabilidad relevante en la atenci\u00f3n social.<\/p>\n\n\n\n<p>En ese sentido, rechaz\u00f3 que su gesti\u00f3n al frente del organismo asistencial tenga un trasfondo pol\u00edtico o que funcione como plataforma personal, al asegurar que su labor se ha centrado en dar continuidad a programas y servicios.<\/p>\n\n\n\n<p><\/p>\n","protected":false},"excerpt":{"rendered":"<p>La presidenta del DIF municipal, Valeria Alfaro Garc\u00eda, se mantiene sin una postura definida ante las versiones que la colocan como posible aspirante a un cargo de elecci\u00f3n popular en el proceso electoral de 2027. La funcionaria reconoci\u00f3 que de manera constante surgen se\u00f1alamientos en ese sentido, sin embargo, dej\u00f3 en claro que por el&#8230;<\/p>\n","protected":false},"author":1,"featured_media":13510,"comment_status":"open","ping_status":"closed","sticky":false,"template":"","format":"standard","meta":{"footnotes":""},"categories":[8],"tags":[],"class_list":["post-13508","post","type-post","status-publish","format-standard","has-post-thumbnail","hentry","category-irapuato"],"_links":{"self":[{"href":"https:\/\/primerplanoirapuato.com\/index.php\/wp-json\/wp\/v2\/posts\/13508","targetHints":{"allow":["GET"]}}],"collection":[{"href":"https:\/\/primerplanoirapuato.com\/index.php\/wp-json\/wp\/v2\/posts"}],"about":[{"href":"https:\/\/primerplanoirapuato.com\/index.php\/wp-json\/wp\/v2\/types\/post"}],"author":[{"embeddable":true,"href":"https:\/\/primerplanoirapuato.com\/index.php\/wp-json\/wp\/v2\/users\/1"}],"replies":[{"embeddable":true,"href":"https:\/\/primerplanoirapuato.com\/index.php\/wp-json\/wp\/v2\/comments?post=13508"}],"version-history":[{"count":1,"href":"https:\/\/primerplanoirapuato.com\/index.php\/wp-json\/wp\/v2\/posts\/13508\/revisions"}],"predecessor-version":[{"id":13509,"href":"https:\/\/primerplanoirapuato.com\/index.php\/wp-json\/wp\/v2\/posts\/13508\/revisions\/13509"}],"wp:featuredmedia":[{"embeddable":true,"href":"https:\/\/primerplanoirapuato.com\/index.php\/wp-json\/wp\/v2\/media\/13510"}],"wp:attachment":[{"href":"https:\/\/primerplanoirapuato.com\/index.php\/wp-json\/wp\/v2\/media?parent=13508"}],"wp:term":[{"taxonomy":"category","embeddable":true,"href":"https:\/\/primerplanoirapuato.com\/index.php\/wp-json\/wp\/v2\/categories?post=13508"},{"taxonomy":"post_tag","embeddable":true,"href":"https:\/\/primerplanoirapuato.com\/index.php\/wp-json\/wp\/v2\/tags?post=13508"}],"curies":[{"name":"wp","href":"https:\/\/api.w.org\/{rel}","templated":true}]}}