{"id":13483,"date":"2026-04-23T18:25:28","date_gmt":"2026-04-23T18:25:28","guid":{"rendered":"https:\/\/primerplanoirapuato.com\/?p=13483"},"modified":"2026-04-23T18:25:28","modified_gmt":"2026-04-23T18:25:28","slug":"refuerza-alcaldesa-de-penjamo-gestion-para-impulsar-apoyos-al-campo","status":"publish","type":"post","link":"https:\/\/primerplanoirapuato.com\/index.php\/2026\/04\/23\/refuerza-alcaldesa-de-penjamo-gestion-para-impulsar-apoyos-al-campo\/","title":{"rendered":"Refuerza alcaldesa de P\u00e9njamo gesti\u00f3n para impulsar apoyos al campo"},"content":{"rendered":"\n<p>P\u00e9njamo, Gto.\u2013 La presidenta municipal de P\u00e9njamo sostuvo una reuni\u00f3n de trabajo con la titular de la Secretar\u00eda del Campo del Estado, Marisol Su\u00e1rez Correa, con el objetivo de fortalecer la coordinaci\u00f3n institucional en beneficio del sector agropecuario del municipio.<\/p>\n\n\n\n<p>En el encuentro tambi\u00e9n particip\u00f3 el director de Desarrollo Agropecuario, Jos\u00e9 Luis D\u00edaz, con quien se abordaron estrategias para mejorar las condiciones del campo penjamense y ampliar el acceso a programas de apoyo para productores locales.<\/p>\n\n\n\n<p>La alcaldesa destac\u00f3 que gobernar implica gestionar y tocar puertas, por lo que reiter\u00f3 su compromiso de mantener una relaci\u00f3n cercana con las dependencias estatales para atraer m\u00e1s recursos y oportunidades para el municipio.<\/p>\n\n\n\n<p>Se\u00f1al\u00f3 que una de las prioridades de su administraci\u00f3n es garantizar que los apoyos lleguen de manera directa a quienes realmente los necesitan, particularmente a las y los productores de las comunidades rurales.<\/p>\n\n\n\n<p>Finalmente, subray\u00f3 que estas acciones forman parte de una visi\u00f3n integral para fortalecer el campo, impulsar la productividad y mejorar la calidad de vida de las familias que dependen de esta actividad en P\u00e9njamo.<\/p>\n","protected":false},"excerpt":{"rendered":"<p>P\u00e9njamo, Gto.\u2013 La presidenta municipal de P\u00e9njamo sostuvo una reuni\u00f3n de trabajo con la titular de la Secretar\u00eda del Campo del Estado, Marisol Su\u00e1rez Correa, con el objetivo de fortalecer la coordinaci\u00f3n institucional en beneficio del sector agropecuario del municipio. En el encuentro tambi\u00e9n particip\u00f3 el director de Desarrollo Agropecuario, Jos\u00e9 Luis D\u00edaz, con quien&#8230;<\/p>\n","protected":false},"author":1,"featured_media":13484,"comment_status":"open","ping_status":"closed","sticky":false,"template":"","format":"standard","meta":{"footnotes":""},"categories":[9],"tags":[],"class_list":["post-13483","post","type-post","status-publish","format-standard","has-post-thumbnail","hentry","category-nacional"],"_links":{"self":[{"href":"https:\/\/primerplanoirapuato.com\/index.php\/wp-json\/wp\/v2\/posts\/13483","targetHints":{"allow":["GET"]}}],"collection":[{"href":"https:\/\/primerplanoirapuato.com\/index.php\/wp-json\/wp\/v2\/posts"}],"about":[{"href":"https:\/\/primerplanoirapuato.com\/index.php\/wp-json\/wp\/v2\/types\/post"}],"author":[{"embeddable":true,"href":"https:\/\/primerplanoirapuato.com\/index.php\/wp-json\/wp\/v2\/users\/1"}],"replies":[{"embeddable":true,"href":"https:\/\/primerplanoirapuato.com\/index.php\/wp-json\/wp\/v2\/comments?post=13483"}],"version-history":[{"count":1,"href":"https:\/\/primerplanoirapuato.com\/index.php\/wp-json\/wp\/v2\/posts\/13483\/revisions"}],"predecessor-version":[{"id":13485,"href":"https:\/\/primerplanoirapuato.com\/index.php\/wp-json\/wp\/v2\/posts\/13483\/revisions\/13485"}],"wp:featuredmedia":[{"embeddable":true,"href":"https:\/\/primerplanoirapuato.com\/index.php\/wp-json\/wp\/v2\/media\/13484"}],"wp:attachment":[{"href":"https:\/\/primerplanoirapuato.com\/index.php\/wp-json\/wp\/v2\/media?parent=13483"}],"wp:term":[{"taxonomy":"category","embeddable":true,"href":"https:\/\/primerplanoirapuato.com\/index.php\/wp-json\/wp\/v2\/categories?post=13483"},{"taxonomy":"post_tag","embeddable":true,"href":"https:\/\/primerplanoirapuato.com\/index.php\/wp-json\/wp\/v2\/tags?post=13483"}],"curies":[{"name":"wp","href":"https:\/\/api.w.org\/{rel}","templated":true}]}}