{"id":13480,"date":"2026-04-23T17:27:12","date_gmt":"2026-04-23T17:27:12","guid":{"rendered":"https:\/\/primerplanoirapuato.com\/?p=13480"},"modified":"2026-04-23T17:27:12","modified_gmt":"2026-04-23T17:27:12","slug":"abasolo-recibira-muestra-internacional-de-folclor-con-agrupacion-polaca","status":"publish","type":"post","link":"https:\/\/primerplanoirapuato.com\/index.php\/2026\/04\/23\/abasolo-recibira-muestra-internacional-de-folclor-con-agrupacion-polaca\/","title":{"rendered":"Abasolo recibir\u00e1 muestra internacional de folclor con agrupaci\u00f3n polaca"},"content":{"rendered":"\n<p><strong>El municipio de <\/strong><strong>Abasolo<\/strong><strong> ser\u00e1 sede de una presentaci\u00f3n internacional de danza y m\u00fasica tradicional como parte del <\/strong><strong>Mitote Folkl\u00f3rico Internacional de Guanajuato<\/strong><strong>, que reunir\u00e1 expresiones culturales de distintas partes del mundo.<\/strong><\/p>\n\n\n\n<p><strong>En esta ocasi\u00f3n, se contar\u00e1 con la participaci\u00f3n del grupo <\/strong><strong>Zesp\u00f3\u0142 Pie\u015bni i Ta\u0144ca Szczecinianie<\/strong><strong>, originario de <\/strong><strong>Polonia<\/strong><strong>, reconocido por difundir las tradiciones de su pa\u00eds a trav\u00e9s de la danza, la m\u00fasica y vestuarios t\u00edpicos.<\/strong><\/p>\n\n\n\n<p><strong>La presentaci\u00f3n se llevar\u00e1 a cabo el viernes 24 de abril a las 19:00 horas en la <\/strong><strong>Plaza Constituci\u00f3n<\/strong><strong>, donde se espera la asistencia de familias y p\u00fablico en general interesado en el intercambio cultural.<\/strong><\/p>\n\n\n\n<p><strong>El evento es organizado por la Casa de la Cultura de Abasolo, con el objetivo de acercar expresiones art\u00edsticas internacionales a la comunidad y fortalecer el acceso a actividades culturales en el municipio.<\/strong><\/p>\n\n\n\n<p><strong>Autoridades culturales extendieron la invitaci\u00f3n a la ciudadan\u00eda para asistir a esta muestra que busca promover la diversidad, el respeto por las tradiciones y el encuentro entre culturas a trav\u00e9s del folclor.<\/strong><\/p>\n","protected":false},"excerpt":{"rendered":"<p>El municipio de Abasolo ser\u00e1 sede de una presentaci\u00f3n internacional de danza y m\u00fasica tradicional como parte del Mitote Folkl\u00f3rico Internacional de Guanajuato, que reunir\u00e1 expresiones culturales de distintas partes del mundo. En esta ocasi\u00f3n, se contar\u00e1 con la participaci\u00f3n del grupo Zesp\u00f3\u0142 Pie\u015bni i Ta\u0144ca Szczecinianie, originario de Polonia, reconocido por difundir las tradiciones&#8230;<\/p>\n","protected":false},"author":1,"featured_media":13481,"comment_status":"open","ping_status":"closed","sticky":false,"template":"","format":"standard","meta":{"footnotes":""},"categories":[3],"tags":[],"class_list":["post-13480","post","type-post","status-publish","format-standard","has-post-thumbnail","hentry","category-abasolo"],"_links":{"self":[{"href":"https:\/\/primerplanoirapuato.com\/index.php\/wp-json\/wp\/v2\/posts\/13480","targetHints":{"allow":["GET"]}}],"collection":[{"href":"https:\/\/primerplanoirapuato.com\/index.php\/wp-json\/wp\/v2\/posts"}],"about":[{"href":"https:\/\/primerplanoirapuato.com\/index.php\/wp-json\/wp\/v2\/types\/post"}],"author":[{"embeddable":true,"href":"https:\/\/primerplanoirapuato.com\/index.php\/wp-json\/wp\/v2\/users\/1"}],"replies":[{"embeddable":true,"href":"https:\/\/primerplanoirapuato.com\/index.php\/wp-json\/wp\/v2\/comments?post=13480"}],"version-history":[{"count":1,"href":"https:\/\/primerplanoirapuato.com\/index.php\/wp-json\/wp\/v2\/posts\/13480\/revisions"}],"predecessor-version":[{"id":13482,"href":"https:\/\/primerplanoirapuato.com\/index.php\/wp-json\/wp\/v2\/posts\/13480\/revisions\/13482"}],"wp:featuredmedia":[{"embeddable":true,"href":"https:\/\/primerplanoirapuato.com\/index.php\/wp-json\/wp\/v2\/media\/13481"}],"wp:attachment":[{"href":"https:\/\/primerplanoirapuato.com\/index.php\/wp-json\/wp\/v2\/media?parent=13480"}],"wp:term":[{"taxonomy":"category","embeddable":true,"href":"https:\/\/primerplanoirapuato.com\/index.php\/wp-json\/wp\/v2\/categories?post=13480"},{"taxonomy":"post_tag","embeddable":true,"href":"https:\/\/primerplanoirapuato.com\/index.php\/wp-json\/wp\/v2\/tags?post=13480"}],"curies":[{"name":"wp","href":"https:\/\/api.w.org\/{rel}","templated":true}]}}