{"id":13471,"date":"2026-04-22T21:47:43","date_gmt":"2026-04-22T21:47:43","guid":{"rendered":"https:\/\/primerplanoirapuato.com\/?p=13471"},"modified":"2026-04-22T21:47:43","modified_gmt":"2026-04-22T21:47:43","slug":"tequios-por-la-tierra-fortalece-entorno-escolar-seguro-en-san-rafael-de-villasenor","status":"publish","type":"post","link":"https:\/\/primerplanoirapuato.com\/index.php\/2026\/04\/22\/tequios-por-la-tierra-fortalece-entorno-escolar-seguro-en-san-rafael-de-villasenor\/","title":{"rendered":"\u201cTequios por la Tierra\u201d fortalece entorno escolar seguro en San Rafael de Villase\u00f1or"},"content":{"rendered":"\n<p>La presidenta municipal de P\u00e9njamo, Yozajambi Molina, impuls\u00f3 una nueva jornada del programa \u201cTequios por la Tierra\u201d en la comunidad de San Rafael de Villase\u00f1or, con el objetivo de mejorar el entorno y garantizar trayectos m\u00e1s seguros para estudiantes de la zona.<\/p>\n\n\n\n<p>La intervenci\u00f3n se realiz\u00f3 en un punto estrat\u00e9gico donde convergen diversas instituciones educativas, priorizando acciones que permitan a ni\u00f1as, ni\u00f1os y j\u00f3venes contar con un acceso digno a sus centros de estudio, como parte de una estrategia de prevenci\u00f3n desde el espacio p\u00fablico.<\/p>\n\n\n\n<p>Durante la jornada, en coordinaci\u00f3n con la Mesa de Paz y Seguridad y con la participaci\u00f3n de la comunidad estudiantil, se llevaron a cabo labores de reforestaci\u00f3n con la plantaci\u00f3n de 50 \u00e1rboles, limpieza integral del \u00e1rea y el arranque del mural denominado \u201cMundial por la Paz\u201d.<\/p>\n\n\n\n<p>La alcaldesa destac\u00f3 que en P\u00e9njamo la prevenci\u00f3n se construye desde el territorio y con la participaci\u00f3n ciudadana, por lo que reiter\u00f3 el compromiso de su administraci\u00f3n para continuar impulsando acciones que fortalezcan el tejido social y promuevan entornos m\u00e1s seguros.<\/p>\n","protected":false},"excerpt":{"rendered":"<p>La presidenta municipal de P\u00e9njamo, Yozajambi Molina, impuls\u00f3 una nueva jornada del programa \u201cTequios por la Tierra\u201d en la comunidad de San Rafael de Villase\u00f1or, con el objetivo de mejorar el entorno y garantizar trayectos m\u00e1s seguros para estudiantes de la zona. La intervenci\u00f3n se realiz\u00f3 en un punto estrat\u00e9gico donde convergen diversas instituciones educativas,&#8230;<\/p>\n","protected":false},"author":1,"featured_media":13472,"comment_status":"open","ping_status":"closed","sticky":false,"template":"","format":"standard","meta":{"footnotes":""},"categories":[9],"tags":[],"class_list":["post-13471","post","type-post","status-publish","format-standard","has-post-thumbnail","hentry","category-nacional"],"_links":{"self":[{"href":"https:\/\/primerplanoirapuato.com\/index.php\/wp-json\/wp\/v2\/posts\/13471","targetHints":{"allow":["GET"]}}],"collection":[{"href":"https:\/\/primerplanoirapuato.com\/index.php\/wp-json\/wp\/v2\/posts"}],"about":[{"href":"https:\/\/primerplanoirapuato.com\/index.php\/wp-json\/wp\/v2\/types\/post"}],"author":[{"embeddable":true,"href":"https:\/\/primerplanoirapuato.com\/index.php\/wp-json\/wp\/v2\/users\/1"}],"replies":[{"embeddable":true,"href":"https:\/\/primerplanoirapuato.com\/index.php\/wp-json\/wp\/v2\/comments?post=13471"}],"version-history":[{"count":1,"href":"https:\/\/primerplanoirapuato.com\/index.php\/wp-json\/wp\/v2\/posts\/13471\/revisions"}],"predecessor-version":[{"id":13473,"href":"https:\/\/primerplanoirapuato.com\/index.php\/wp-json\/wp\/v2\/posts\/13471\/revisions\/13473"}],"wp:featuredmedia":[{"embeddable":true,"href":"https:\/\/primerplanoirapuato.com\/index.php\/wp-json\/wp\/v2\/media\/13472"}],"wp:attachment":[{"href":"https:\/\/primerplanoirapuato.com\/index.php\/wp-json\/wp\/v2\/media?parent=13471"}],"wp:term":[{"taxonomy":"category","embeddable":true,"href":"https:\/\/primerplanoirapuato.com\/index.php\/wp-json\/wp\/v2\/categories?post=13471"},{"taxonomy":"post_tag","embeddable":true,"href":"https:\/\/primerplanoirapuato.com\/index.php\/wp-json\/wp\/v2\/tags?post=13471"}],"curies":[{"name":"wp","href":"https:\/\/api.w.org\/{rel}","templated":true}]}}