{"id":13445,"date":"2026-04-21T21:30:17","date_gmt":"2026-04-21T21:30:17","guid":{"rendered":"https:\/\/primerplanoirapuato.com\/?p=13445"},"modified":"2026-04-21T21:30:17","modified_gmt":"2026-04-21T21:30:17","slug":"inician-talleres-para-fortalecer-programas-de-salud-y-diversidad-en-irapuato","status":"publish","type":"post","link":"https:\/\/primerplanoirapuato.com\/index.php\/2026\/04\/21\/inician-talleres-para-fortalecer-programas-de-salud-y-diversidad-en-irapuato\/","title":{"rendered":"Inician talleres para fortalecer programas de salud y diversidad en Irapuato"},"content":{"rendered":"\n<p>Con el objetivo de consolidar una Administraci\u00f3n que responda a las necesidades reales de la poblaci\u00f3n, el Gobierno de Irapuato, encabezado por la presidenta municipal, Lorena Alfaro Garc\u00eda, dio inicio a una serie de talleres multitem\u00e1ticos enfocados en la co-creaci\u00f3n y la planeaci\u00f3n estrat\u00e9gica.<\/p>\n\n\n\n<p>Estos encuentros, realizados a trav\u00e9s del Instituto Municipal de Planeaci\u00f3n (Implan), buscan fortalecer el diagn\u00f3stico y la estructura de dos programas fundamentales para el desarrollo del municipio: el Programa Municipal de Salud P\u00fablica y el Programa Municipal de Diversidad Sexual.<\/p>\n\n\n\n<p>En materia de salud p\u00fablica, se trabaja en el an\u00e1lisis de las din\u00e1micas demogr\u00e1ficas actuales, abordando desaf\u00edos como el envejecimiento poblacional, la discapacidad, as\u00ed como las carencias sociales y de acceso a servicios b\u00e1sicos que afectan la calidad de vida de las y los irapuatenses.<\/p>\n\n\n\n<p>En cuanto a diversidad sexual y de g\u00e9nero, se abordan de manera directa las desigualdades estructurales, incluyendo el prejuicio, la violencia y las barreras en el acceso a la educaci\u00f3n y el empleo que enfrenta este sector de la poblaci\u00f3n en Guanajuato.<\/p>\n\n\n\n<p>Rodolfo G\u00f3mez Cervantes, secretario del Ayuntamiento, en representaci\u00f3n de la Alcaldesa, destac\u00f3 que el objetivo de estos talleres es fortalecer el diagn\u00f3stico y el planteamiento estrat\u00e9gico de ambos programas mediante un proceso colaborativo de co-creaci\u00f3n con diversos sectores de la sociedad.<\/p>\n\n\n\n<p>Por su parte, Teresita del Carmen Gallardo, directora del Implan, explic\u00f3 que el enfoque central de estas jornadas es la innovaci\u00f3n social a trav\u00e9s de procesos colaborativos.<\/p>\n","protected":false},"excerpt":{"rendered":"<p>Con el objetivo de consolidar una Administraci\u00f3n que responda a las necesidades reales de la poblaci\u00f3n, el Gobierno de Irapuato, encabezado por la presidenta municipal, Lorena Alfaro Garc\u00eda, dio inicio a una serie de talleres multitem\u00e1ticos enfocados en la co-creaci\u00f3n y la planeaci\u00f3n estrat\u00e9gica. Estos encuentros, realizados a trav\u00e9s del Instituto Municipal de Planeaci\u00f3n (Implan),&#8230;<\/p>\n","protected":false},"author":1,"featured_media":13449,"comment_status":"open","ping_status":"closed","sticky":false,"template":"","format":"standard","meta":{"footnotes":""},"categories":[8],"tags":[],"class_list":["post-13445","post","type-post","status-publish","format-standard","has-post-thumbnail","hentry","category-irapuato"],"_links":{"self":[{"href":"https:\/\/primerplanoirapuato.com\/index.php\/wp-json\/wp\/v2\/posts\/13445","targetHints":{"allow":["GET"]}}],"collection":[{"href":"https:\/\/primerplanoirapuato.com\/index.php\/wp-json\/wp\/v2\/posts"}],"about":[{"href":"https:\/\/primerplanoirapuato.com\/index.php\/wp-json\/wp\/v2\/types\/post"}],"author":[{"embeddable":true,"href":"https:\/\/primerplanoirapuato.com\/index.php\/wp-json\/wp\/v2\/users\/1"}],"replies":[{"embeddable":true,"href":"https:\/\/primerplanoirapuato.com\/index.php\/wp-json\/wp\/v2\/comments?post=13445"}],"version-history":[{"count":1,"href":"https:\/\/primerplanoirapuato.com\/index.php\/wp-json\/wp\/v2\/posts\/13445\/revisions"}],"predecessor-version":[{"id":13446,"href":"https:\/\/primerplanoirapuato.com\/index.php\/wp-json\/wp\/v2\/posts\/13445\/revisions\/13446"}],"wp:featuredmedia":[{"embeddable":true,"href":"https:\/\/primerplanoirapuato.com\/index.php\/wp-json\/wp\/v2\/media\/13449"}],"wp:attachment":[{"href":"https:\/\/primerplanoirapuato.com\/index.php\/wp-json\/wp\/v2\/media?parent=13445"}],"wp:term":[{"taxonomy":"category","embeddable":true,"href":"https:\/\/primerplanoirapuato.com\/index.php\/wp-json\/wp\/v2\/categories?post=13445"},{"taxonomy":"post_tag","embeddable":true,"href":"https:\/\/primerplanoirapuato.com\/index.php\/wp-json\/wp\/v2\/tags?post=13445"}],"curies":[{"name":"wp","href":"https:\/\/api.w.org\/{rel}","templated":true}]}}