{"id":13423,"date":"2026-04-21T03:12:41","date_gmt":"2026-04-21T03:12:41","guid":{"rendered":"https:\/\/primerplanoirapuato.com\/?p=13423"},"modified":"2026-04-21T03:12:41","modified_gmt":"2026-04-21T03:12:41","slug":"irapuato-sede-de-jornada-estatal-de-encuentros-deportivos-artisticos-y-culturales-del-snte","status":"publish","type":"post","link":"https:\/\/primerplanoirapuato.com\/index.php\/2026\/04\/21\/irapuato-sede-de-jornada-estatal-de-encuentros-deportivos-artisticos-y-culturales-del-snte\/","title":{"rendered":"IRAPUATO SEDE DE JORNADA ESTATAL DE ENCUENTROS DEPORTIVOS, ART\u00cdSTICOS Y CULTURALES DEL SNTE"},"content":{"rendered":"\n<p>Con el objetivo de fortalecer la convivencia, el bienestar y la identidad del magisterio, se llev\u00f3 a cabo la presentaci\u00f3n oficial de la Jornada Estatal de los Encuentros Deportivos, Art\u00edsticos y Culturales del Sindicato Nacional de Trabajadores de la Educaci\u00f3n (SNTE), un espacio que promueve la participaci\u00f3n integral de las y los docentes a trav\u00e9s de distintas disciplinas.<\/p>\n\n\n\n<p>Durante el evento, autoridades municipales, educativas y sindicales destacaron la importancia de generar estos espacios que fomentan la salud f\u00edsica, la expresi\u00f3n art\u00edstica y el fortalecimiento de los lazos de unidad entre quienes forman parte del sector educativo.<\/p>\n\n\n\n<p>El maestro Juan Rigoberto Mac\u00edas Vidales, secretario general de la Secci\u00f3n 45 del SNTE, se\u00f1al\u00f3 que estos encuentros representan una oportunidad para reconocer la apertura del Gobierno Municipal para recibir este evento.<\/p>\n\n\n\n<p>Por su parte, la presidenta, Lorena Alfaro Garc\u00eda, destac\u00f3 que el impulso a este tipo de iniciativas contribuye a consolidar comunidades m\u00e1s fuertes y unidas.<\/p>\n\n\n\n<p>La Jornada Estatal contempla la participaci\u00f3n de docentes de distintas regiones, quienes competir\u00e1n en disciplinas deportivas, as\u00ed como en actividades art\u00edsticas y culturales, promoviendo un desarrollo integral y el intercambio de experiencias.<\/p>\n\n\n\n<p>Los eventos se llevar\u00e1n a cabo el 21 y&nbsp;22 de Mayo&nbsp;en las instalaciones de las Unidades Deportivas y el Inforum Irapuato albergando a maestros y maestras de distintas regiones del estado.<\/p>\n","protected":false},"excerpt":{"rendered":"<p>Con el objetivo de fortalecer la convivencia, el bienestar y la identidad del magisterio, se llev\u00f3 a cabo la presentaci\u00f3n oficial de la Jornada Estatal de los Encuentros Deportivos, Art\u00edsticos y Culturales del Sindicato Nacional de Trabajadores de la Educaci\u00f3n (SNTE), un espacio que promueve la participaci\u00f3n integral de las y los docentes a trav\u00e9s&#8230;<\/p>\n","protected":false},"author":1,"featured_media":13424,"comment_status":"open","ping_status":"closed","sticky":false,"template":"","format":"standard","meta":{"footnotes":""},"categories":[8],"tags":[],"class_list":["post-13423","post","type-post","status-publish","format-standard","has-post-thumbnail","hentry","category-irapuato"],"_links":{"self":[{"href":"https:\/\/primerplanoirapuato.com\/index.php\/wp-json\/wp\/v2\/posts\/13423","targetHints":{"allow":["GET"]}}],"collection":[{"href":"https:\/\/primerplanoirapuato.com\/index.php\/wp-json\/wp\/v2\/posts"}],"about":[{"href":"https:\/\/primerplanoirapuato.com\/index.php\/wp-json\/wp\/v2\/types\/post"}],"author":[{"embeddable":true,"href":"https:\/\/primerplanoirapuato.com\/index.php\/wp-json\/wp\/v2\/users\/1"}],"replies":[{"embeddable":true,"href":"https:\/\/primerplanoirapuato.com\/index.php\/wp-json\/wp\/v2\/comments?post=13423"}],"version-history":[{"count":1,"href":"https:\/\/primerplanoirapuato.com\/index.php\/wp-json\/wp\/v2\/posts\/13423\/revisions"}],"predecessor-version":[{"id":13425,"href":"https:\/\/primerplanoirapuato.com\/index.php\/wp-json\/wp\/v2\/posts\/13423\/revisions\/13425"}],"wp:featuredmedia":[{"embeddable":true,"href":"https:\/\/primerplanoirapuato.com\/index.php\/wp-json\/wp\/v2\/media\/13424"}],"wp:attachment":[{"href":"https:\/\/primerplanoirapuato.com\/index.php\/wp-json\/wp\/v2\/media?parent=13423"}],"wp:term":[{"taxonomy":"category","embeddable":true,"href":"https:\/\/primerplanoirapuato.com\/index.php\/wp-json\/wp\/v2\/categories?post=13423"},{"taxonomy":"post_tag","embeddable":true,"href":"https:\/\/primerplanoirapuato.com\/index.php\/wp-json\/wp\/v2\/tags?post=13423"}],"curies":[{"name":"wp","href":"https:\/\/api.w.org\/{rel}","templated":true}]}}