{"id":13420,"date":"2026-04-20T21:10:04","date_gmt":"2026-04-20T21:10:04","guid":{"rendered":"https:\/\/primerplanoirapuato.com\/?p=13420"},"modified":"2026-04-20T21:10:04","modified_gmt":"2026-04-20T21:10:04","slug":"la-secretaria-del-agua-y-del-medio-ambiente-la-paot-y-jovenes-voluntarias-suman-esfuerzos-para-impulsar-una-nueva-cultura-ambiental-en-guanajuato","status":"publish","type":"post","link":"https:\/\/primerplanoirapuato.com\/index.php\/2026\/04\/20\/la-secretaria-del-agua-y-del-medio-ambiente-la-paot-y-jovenes-voluntarias-suman-esfuerzos-para-impulsar-una-nueva-cultura-ambiental-en-guanajuato\/","title":{"rendered":"La Secretar\u00eda del Agua y del Medio Ambiente, la PAOT y j\u00f3venes voluntarias suman esfuerzos para impulsar una nueva cultura ambiental en Guanajuato."},"content":{"rendered":"\n<p><strong>El Secretario del Agua y Medio Ambiente, Jos\u00e9 Lara Lona, explic\u00f3 que el trabajo de la dependencia se centra en la gesti\u00f3n responsable de los recursos naturales y en la implementaci\u00f3n de pol\u00edticas p\u00fablicas que promuevan la sostenibilidad y la participaci\u00f3n ciudadana.<\/strong><\/p>\n\n\n\n<p><strong>Se\u00f1al\u00f3 que el cambio clim\u00e1tico es una realidad que exige acciones coordinadas entre sociedad y gobierno para proteger el ciclo del agua y el entorno natural.<\/strong><\/p>\n\n\n\n<p><strong>\u201cEl cambio clim\u00e1tico ha impactado nuestro ciclo hidrol\u00f3gico y es una realidad con la que debemos convivir. Por eso trabajamos en equipo con la sociedad, el sector privado y los municipios para impulsar una educaci\u00f3n ambiental y acciones que contribuyan al cuidado de nuestros recursos naturales\u201d, afirm\u00f3.<\/strong><\/p>\n\n\n\n<p><strong>Asimismo, destac\u00f3 que se impulsa el uso de tecnolog\u00edas limpias, el saneamiento del agua y la correcta gesti\u00f3n de residuos s\u00f3lidos, como parte de una estrategia integral para preservar el medio ambiente en Guanajuato.<\/strong><\/p>\n\n\n\n<p><strong>Por su parte, la titular de la Procuradur\u00eda Ambiental y de Ordenamiento Territorial, Karina Padilla \u00c1vila, subray\u00f3 que la prevenci\u00f3n y la participaci\u00f3n social son fundamentales para proteger el derecho de las personas a un medio ambiente sano.<\/strong><\/p>\n\n\n\n<p><strong>Explic\u00f3 que programas como Empresa Limpia y Buenas Pr\u00e1cticas Ambientales permiten que el sector productivo contribuya voluntariamente al cuidado del entorno.<\/strong><\/p>\n\n\n\n<p><strong>\u201cEstos programas buscan que las empresas cumplan con la normatividad ambiental y generen acciones para la prevenci\u00f3n y conservaci\u00f3n del medio ambiente, pero tambi\u00e9n que se conviertan en agentes de cambio dentro de sus comunidades y familias\u201d, se\u00f1al\u00f3 Padilla \u00c1vila.<\/strong><\/p>\n\n\n\n<p><strong>La Procuradora inform\u00f3 que, durante 2025, se acreditaron 207 organizaciones, impactando positivamente a m\u00e1s de 186 mil personas, lo que demuestra el compromiso creciente de la sociedad con el cuidado del medio ambiente.<\/strong><\/p>\n","protected":false},"excerpt":{"rendered":"<p>El Secretario del Agua y Medio Ambiente, Jos\u00e9 Lara Lona, explic\u00f3 que el trabajo de la dependencia se centra en la gesti\u00f3n responsable de los recursos naturales y en la implementaci\u00f3n de pol\u00edticas p\u00fablicas que promuevan la sostenibilidad y la participaci\u00f3n ciudadana. Se\u00f1al\u00f3 que el cambio clim\u00e1tico es una realidad que exige acciones coordinadas entre&#8230;<\/p>\n","protected":false},"author":1,"featured_media":13421,"comment_status":"open","ping_status":"closed","sticky":false,"template":"","format":"standard","meta":{"footnotes":""},"categories":[6],"tags":[],"class_list":["post-13420","post","type-post","status-publish","format-standard","has-post-thumbnail","hentry","category-estatal"],"_links":{"self":[{"href":"https:\/\/primerplanoirapuato.com\/index.php\/wp-json\/wp\/v2\/posts\/13420","targetHints":{"allow":["GET"]}}],"collection":[{"href":"https:\/\/primerplanoirapuato.com\/index.php\/wp-json\/wp\/v2\/posts"}],"about":[{"href":"https:\/\/primerplanoirapuato.com\/index.php\/wp-json\/wp\/v2\/types\/post"}],"author":[{"embeddable":true,"href":"https:\/\/primerplanoirapuato.com\/index.php\/wp-json\/wp\/v2\/users\/1"}],"replies":[{"embeddable":true,"href":"https:\/\/primerplanoirapuato.com\/index.php\/wp-json\/wp\/v2\/comments?post=13420"}],"version-history":[{"count":1,"href":"https:\/\/primerplanoirapuato.com\/index.php\/wp-json\/wp\/v2\/posts\/13420\/revisions"}],"predecessor-version":[{"id":13422,"href":"https:\/\/primerplanoirapuato.com\/index.php\/wp-json\/wp\/v2\/posts\/13420\/revisions\/13422"}],"wp:featuredmedia":[{"embeddable":true,"href":"https:\/\/primerplanoirapuato.com\/index.php\/wp-json\/wp\/v2\/media\/13421"}],"wp:attachment":[{"href":"https:\/\/primerplanoirapuato.com\/index.php\/wp-json\/wp\/v2\/media?parent=13420"}],"wp:term":[{"taxonomy":"category","embeddable":true,"href":"https:\/\/primerplanoirapuato.com\/index.php\/wp-json\/wp\/v2\/categories?post=13420"},{"taxonomy":"post_tag","embeddable":true,"href":"https:\/\/primerplanoirapuato.com\/index.php\/wp-json\/wp\/v2\/tags?post=13420"}],"curies":[{"name":"wp","href":"https:\/\/api.w.org\/{rel}","templated":true}]}}