{"id":13382,"date":"2026-04-18T00:53:30","date_gmt":"2026-04-18T00:53:30","guid":{"rendered":"https:\/\/primerplanoirapuato.com\/?p=13382"},"modified":"2026-04-18T00:53:30","modified_gmt":"2026-04-18T00:53:30","slug":"operativo-policial-permite-recuperar-vehiculo-robado-y-detener-a-un-presunto-responsable-en-irapuato","status":"publish","type":"post","link":"https:\/\/primerplanoirapuato.com\/index.php\/2026\/04\/18\/operativo-policial-permite-recuperar-vehiculo-robado-y-detener-a-un-presunto-responsable-en-irapuato\/","title":{"rendered":"Operativo policial permite recuperar veh\u00edculo robado y detener a un presunto responsable en Irapuato"},"content":{"rendered":"\n<p><strong>Una r\u00e1pida acci\u00f3n de la Polic\u00eda Municipal de Irapuato deriv\u00f3 en la recuperaci\u00f3n de una camioneta Jeep oscura robada en La Pradera y la detenci\u00f3n de un hombre, tras una persecuci\u00f3n registrada la tarde de este viernes.<\/strong><\/p>\n\n\n\n<p><strong>El robo ocurri\u00f3 cuando los ocupantes de una camioneta blanca habr\u00edan robado&nbsp;&nbsp;Jeep, lo que activ\u00f3 un b\u00fasqueda en la zona.<\/strong><\/p>\n\n\n\n<p><strong>La persecuci\u00f3n se extendi\u00f3 desde el fraccionamiento Los Arcos y hacia el \u00e1rea del Inforum, donde los elementos municipales lograron ubicar la unidad robada.<\/strong><\/p>\n\n\n\n<p><strong>En el punto se concret\u00f3 el aseguramiento de la camioneta Jeep y la detenci\u00f3n de uno de los presuntos responsables.<\/strong><\/p>\n\n\n\n<p><strong>Otros implicados huyeron y abandonaron la camioneta blanca&nbsp;&nbsp;en la colonia San Juan Bosco, lo que gener\u00f3 la intervenci\u00f3n de corporaciones estatales y federales.<\/strong><\/p>\n","protected":false},"excerpt":{"rendered":"<p>Una r\u00e1pida acci\u00f3n de la Polic\u00eda Municipal de Irapuato deriv\u00f3 en la recuperaci\u00f3n de una camioneta Jeep oscura robada en La Pradera y la detenci\u00f3n de un hombre, tras una persecuci\u00f3n registrada la tarde de este viernes. El robo ocurri\u00f3 cuando los ocupantes de una camioneta blanca habr\u00edan robado&nbsp;&nbsp;Jeep, lo que activ\u00f3 un b\u00fasqueda en&#8230;<\/p>\n","protected":false},"author":1,"featured_media":13383,"comment_status":"open","ping_status":"closed","sticky":false,"template":"","format":"standard","meta":{"footnotes":""},"categories":[8],"tags":[],"class_list":["post-13382","post","type-post","status-publish","format-standard","has-post-thumbnail","hentry","category-irapuato"],"_links":{"self":[{"href":"https:\/\/primerplanoirapuato.com\/index.php\/wp-json\/wp\/v2\/posts\/13382","targetHints":{"allow":["GET"]}}],"collection":[{"href":"https:\/\/primerplanoirapuato.com\/index.php\/wp-json\/wp\/v2\/posts"}],"about":[{"href":"https:\/\/primerplanoirapuato.com\/index.php\/wp-json\/wp\/v2\/types\/post"}],"author":[{"embeddable":true,"href":"https:\/\/primerplanoirapuato.com\/index.php\/wp-json\/wp\/v2\/users\/1"}],"replies":[{"embeddable":true,"href":"https:\/\/primerplanoirapuato.com\/index.php\/wp-json\/wp\/v2\/comments?post=13382"}],"version-history":[{"count":1,"href":"https:\/\/primerplanoirapuato.com\/index.php\/wp-json\/wp\/v2\/posts\/13382\/revisions"}],"predecessor-version":[{"id":13384,"href":"https:\/\/primerplanoirapuato.com\/index.php\/wp-json\/wp\/v2\/posts\/13382\/revisions\/13384"}],"wp:featuredmedia":[{"embeddable":true,"href":"https:\/\/primerplanoirapuato.com\/index.php\/wp-json\/wp\/v2\/media\/13383"}],"wp:attachment":[{"href":"https:\/\/primerplanoirapuato.com\/index.php\/wp-json\/wp\/v2\/media?parent=13382"}],"wp:term":[{"taxonomy":"category","embeddable":true,"href":"https:\/\/primerplanoirapuato.com\/index.php\/wp-json\/wp\/v2\/categories?post=13382"},{"taxonomy":"post_tag","embeddable":true,"href":"https:\/\/primerplanoirapuato.com\/index.php\/wp-json\/wp\/v2\/tags?post=13382"}],"curies":[{"name":"wp","href":"https:\/\/api.w.org\/{rel}","templated":true}]}}