{"id":13369,"date":"2026-04-17T21:42:18","date_gmt":"2026-04-17T21:42:18","guid":{"rendered":"https:\/\/primerplanoirapuato.com\/?p=13369"},"modified":"2026-04-17T21:42:18","modified_gmt":"2026-04-17T21:42:18","slug":"reconocen-el-talento-guanajuatense-premian-a-ganadores-del-concurso-miradas-universitarias-contra-las-violencias","status":"publish","type":"post","link":"https:\/\/primerplanoirapuato.com\/index.php\/2026\/04\/17\/reconocen-el-talento-guanajuatense-premian-a-ganadores-del-concurso-miradas-universitarias-contra-las-violencias\/","title":{"rendered":"Reconocen el talento guanajuatense: premian a ganadores del concurso \u201cMiradas universitarias contra las Violencias\u201d"},"content":{"rendered":"\n<p><strong>Guanajuato<\/strong><strong>,&nbsp;<\/strong><strong>Gto.&nbsp;<\/strong><strong>\u2013<\/strong><strong>&nbsp;<\/strong>El Congreso del Estado reconoci\u00f3 el talento de j\u00f3venes guanajuatenses al premiar a las y los ganadores del concurso de cortometrajes&nbsp;<em>\u201cMiradas universitarias contra las violencias\u201d<\/em>, impulsado por la Comisi\u00f3n para la Igualdad de G\u00e9nero.<\/p>\n\n\n\n<p>El certamen tuvo como objetivo promover la participaci\u00f3n de las juventudes y visibilizar, a trav\u00e9s de contenidos audiovisuales, las distintas violencias que enfrentan mujeres, adolescentes y ni\u00f1as, fomentando la reflexi\u00f3n social desde una mirada creativa y cr\u00edtica.<\/p>\n\n\n\n<p>Este ejercicio representa una estrategia institucional que impulsa la participaci\u00f3n ciudadana mediante herramientas creativas, bajo la premisa de que todas las voces deben ser escuchadas en la construcci\u00f3n de decisiones p\u00fablicas.<\/p>\n\n\n\n<p>En su mensaje de bienvenida, la diputada Susana Berm\u00fadez Cano agradeci\u00f3 la participaci\u00f3n de las y los j\u00f3venes e inform\u00f3 que se recibieron 28 cortometrajes, de los cuales se proyect\u00f3 una selecci\u00f3n de los 10 mejores trabajos.<\/p>\n\n\n\n<p>Destac\u00f3 que este tipo de iniciativas buscan romper el silencio y abrir espacios para que las juventudes se expresen. Subray\u00f3 la importancia de fortalecer estos ejercicios para que no solo se consoliden institucionalmente, sino que generen m\u00e1s oportunidades de participaci\u00f3n.<\/p>\n\n\n\n<p>Berm\u00fadez Cano se\u00f1al\u00f3 que el esp\u00edritu del concurso radica en escuchar las voces j\u00f3venes, mirar a trav\u00e9s de sus lentes y comprender c\u00f3mo interpretan las violencias que viven mujeres, adolescentes y ni\u00f1as.<\/p>\n\n\n\n<p>Asimismo, enfatiz\u00f3 que en la entidad se han reconocido 17 tipos de violencia; sin embargo, m\u00e1s all\u00e1 de los conceptos jur\u00eddicos, lo fundamental es entender que cada uno tiene rostro, historia y nombre.<\/p>\n\n\n\n<p>Agreg\u00f3 que los cortometrajes lograron transmitir emociones y realidades que muchas mujeres enfrentan diariamente, recordando que no se trata solo de leyes, sino de vidas y experiencias concretas.<\/p>\n\n\n\n<p>Finalmente, afirm\u00f3 que las acciones emprendidas hoy abren camino para las futuras generaciones. \u201cAlzar la voz implica romper paradigmas y estereotipos, y mantener en el centro del debate temas que durante mucho tiempo fueron ignorados. En Guanajuato seguimos avanzando y no nos vamos a detener\u201d, concluy\u00f3.<\/p>\n\n\n\n<p>Los cortometrajes ganadores&nbsp;fueron:<\/p>\n\n\n\n<p><strong>Primer lugar:<\/strong><strong>&nbsp;<\/strong>\u201c\u00c9rase una ni\u00f1a\u201d, dirigido por&nbsp;\u00c1ngel Sebasti\u00e1n Roc\u00edo Pe\u00f1a.<\/p>\n\n\n\n<p><strong>Segundo lugar:<\/strong><strong>&nbsp;<\/strong><strong>\u201c<\/strong>Veinticuatro\u201d, dirigido por&nbsp;Mar\u00eda L\u00f3pez Hern\u00e1ndez.<\/p>\n\n\n\n<p><strong>Tercer lugar:<\/strong><strong>&nbsp;<\/strong><strong>\u201c<\/strong>No guardes silencio\u201d, dirigido por&nbsp;Ra\u00fal Emanuel Robles Cervantes.<\/p>\n\n\n\n<p>El primer lugar recibi\u00f3 un premio de&nbsp;50 mil&nbsp;pesos, el segundo de&nbsp;25 mil pesos&nbsp;y el tercero de&nbsp;12 mil 500 pesos.<\/p>\n\n\n\n<p>Asimismo, como reconocimiento al talento, compromiso y esfuerzo,&nbsp;cada uno de los finalistas recibi\u00f3 un apoyo&nbsp;de 5 mil pesos. Ellos fueron los galardonados:<\/p>\n\n\n\n<p><strong>\u2022&nbsp;<\/strong>Ecos.<\/p>\n\n\n\n<p><strong>\u2022&nbsp;<\/strong>Lucero.<\/p>\n\n\n\n<p><strong>\u2022&nbsp;<\/strong>Cicatrices.<\/p>\n\n\n\n<p><strong>\u2022&nbsp;<\/strong>No es un mal d\u00eda.<\/p>\n\n\n\n<p><strong>\u2022&nbsp;<\/strong>\u00bfQu\u00e9 es seguro?<\/p>\n\n\n\n<p><strong>\u2022&nbsp;<\/strong>La Voz que me salv\u00f3.<\/p>\n\n\n\n<p><strong>\u2022&nbsp;<\/strong>Voces reales.<\/p>\n\n\n\n<p>Este reconocimiento simboliza el valor de sus historias, sus miradas y su contribuci\u00f3n a la construcci\u00f3n de una sociedad m\u00e1s consciente, justa y libre de violencias.<\/p>\n\n\n\n<p>En el evento estuvieron presentes las diputadas Susana Berm\u00fadez Cano (presidenta de la Comisi\u00f3n para la Igualdad de G\u00e9nero), Yesenia Rojas Cervantes, Ana Mar\u00eda Esquivel Arrona, Maribel Aguilar Gonz\u00e1lez, Sandra Alicia Pedroza Orozco y Mar\u00eda del Pilar G\u00f3mez Enr\u00edquez, as\u00ed como el diputado Juan Carlos Romero Hicks.<\/p>\n\n\n\n<p>Tambi\u00e9n asistieron la directora general del Instituto para el Desarrollo y Atenci\u00f3n a las Juventudes, Alma Regina Trujillo Dom\u00ednguez; el director de Comunicaci\u00f3n Social, Juan Jos\u00e9 S\u00e1nchez Santiago; el director de Desarrollo Institucional, Daniel Galv\u00e1n Manrique; el director general del SABES, Alberto de la Luz Socorro Diosdado; y el director de la Universidad SABES, Rub\u00e9n Antonio Garc\u00eda Mendoza.<\/p>\n\n\n\n<p>Conoce a los 10 mejores&nbsp;<a href=\"https:\/\/cortometrajes.congresogto.gob.mx\/\">https:\/\/cortometrajes.congresogto.gob.mx\/<\/a><\/p>\n","protected":false},"excerpt":{"rendered":"<p>Guanajuato,&nbsp;Gto.&nbsp;\u2013&nbsp;El Congreso del Estado reconoci\u00f3 el talento de j\u00f3venes guanajuatenses al premiar a las y los ganadores del concurso de cortometrajes&nbsp;\u201cMiradas universitarias contra las violencias\u201d, impulsado por la Comisi\u00f3n para la Igualdad de G\u00e9nero. El certamen tuvo como objetivo promover la participaci\u00f3n de las juventudes y visibilizar, a trav\u00e9s de contenidos audiovisuales, las distintas violencias&#8230;<\/p>\n","protected":false},"author":1,"featured_media":13370,"comment_status":"open","ping_status":"closed","sticky":false,"template":"","format":"standard","meta":{"footnotes":""},"categories":[6],"tags":[],"class_list":["post-13369","post","type-post","status-publish","format-standard","has-post-thumbnail","hentry","category-estatal"],"_links":{"self":[{"href":"https:\/\/primerplanoirapuato.com\/index.php\/wp-json\/wp\/v2\/posts\/13369","targetHints":{"allow":["GET"]}}],"collection":[{"href":"https:\/\/primerplanoirapuato.com\/index.php\/wp-json\/wp\/v2\/posts"}],"about":[{"href":"https:\/\/primerplanoirapuato.com\/index.php\/wp-json\/wp\/v2\/types\/post"}],"author":[{"embeddable":true,"href":"https:\/\/primerplanoirapuato.com\/index.php\/wp-json\/wp\/v2\/users\/1"}],"replies":[{"embeddable":true,"href":"https:\/\/primerplanoirapuato.com\/index.php\/wp-json\/wp\/v2\/comments?post=13369"}],"version-history":[{"count":1,"href":"https:\/\/primerplanoirapuato.com\/index.php\/wp-json\/wp\/v2\/posts\/13369\/revisions"}],"predecessor-version":[{"id":13371,"href":"https:\/\/primerplanoirapuato.com\/index.php\/wp-json\/wp\/v2\/posts\/13369\/revisions\/13371"}],"wp:featuredmedia":[{"embeddable":true,"href":"https:\/\/primerplanoirapuato.com\/index.php\/wp-json\/wp\/v2\/media\/13370"}],"wp:attachment":[{"href":"https:\/\/primerplanoirapuato.com\/index.php\/wp-json\/wp\/v2\/media?parent=13369"}],"wp:term":[{"taxonomy":"category","embeddable":true,"href":"https:\/\/primerplanoirapuato.com\/index.php\/wp-json\/wp\/v2\/categories?post=13369"},{"taxonomy":"post_tag","embeddable":true,"href":"https:\/\/primerplanoirapuato.com\/index.php\/wp-json\/wp\/v2\/tags?post=13369"}],"curies":[{"name":"wp","href":"https:\/\/api.w.org\/{rel}","templated":true}]}}