{"id":12619,"date":"2026-03-14T04:44:39","date_gmt":"2026-03-14T04:44:39","guid":{"rendered":"https:\/\/primerplanoirapuato.com\/?p=12619"},"modified":"2026-03-14T04:44:39","modified_gmt":"2026-03-14T04:44:39","slug":"arranca-feria-de-las-fresas-2026-celebracion-de-identidad-tradicion-y-convivencia-familiar","status":"publish","type":"post","link":"https:\/\/primerplanoirapuato.com\/index.php\/2026\/03\/14\/arranca-feria-de-las-fresas-2026-celebracion-de-identidad-tradicion-y-convivencia-familiar\/","title":{"rendered":"ARRANCA FERIA DE LAS FRESAS 2026: CELEBRACI\u00d3N DE IDENTIDAD, TRADICI\u00d3N Y CONVIVENCIA FAMILIAR"},"content":{"rendered":"\n<p>Con un llamado a celebrar las tradiciones, fortalecer la convivencia familiar y compartir el orgullo de ser la Capital Mundial de las Fresas, el Gobierno de Irapuato inaugur\u00f3 la Feria de las Fresas 2026, la m\u00e1xima fiesta de la ciudad.<\/p>\n\n\n\n<p>La presidenta municipal, Lorena Alfaro Garc\u00eda, encabez\u00f3 la ceremonia de apertura, acompa\u00f1ada de la secretaria de Econom\u00eda del Estado de Guanajuato, Claudia Cristina Villase\u00f1or Aguilar, en representaci\u00f3n de la gobernadora Libia Denisse Mu\u00f1oz Ledo, y del subsecretario de Turismo e Identidad, Armando Emmanuel Gasca Garc\u00eda, en representaci\u00f3n de la secretaria Lupita Robles Le\u00f3n, en un acto inaugural celebrado frente a la rueda de la fortuna.<\/p>\n\n\n\n<p>Durante su mensaje, la Alcaldesa destac\u00f3 la importancia de la Feria de las Fresas en la identidad de Irapuato.<\/p>\n\n\n\n<p>Del 13 al 29 de marzo, la Feria de las Fresas ofrecer\u00e1 una amplia agenda de actividades culturales, art\u00edsticas, gastron\u00f3micas y recreativas para todas las edades, con la expectativa de recibir m\u00e1s de 500 mil visitantes y generar una derrama econ\u00f3mica superior a los 190 millones de pesos.<\/p>\n\n\n\n<p>Durante su mensaje inaugural, la Alcaldesa resalt\u00f3 que esta celebraci\u00f3n forma parte de las tradiciones m\u00e1s queridas de Irapuato, pues generaciones de familias han construido recuerdos en este espacio que hoy contin\u00faa renov\u00e1ndose para seguir siendo un punto de convivencia y alegr\u00eda.<\/p>\n\n\n\n<p>Entre los principales atractivos de esta edici\u00f3n se encuentran el Foro de la Gente, con la participaci\u00f3n de artistas nacionales e internacionales; el espect\u00e1culo familiar sobre hielo \u201cIlusi\u00f3n On Ice\u201d, incluido con el boleto de entrada; el Palenque, los juegos mec\u00e1nicos, el Pabell\u00f3n Marca Guanajuato, el Pabell\u00f3n de las Naciones, el Pabell\u00f3n Ganadero, el Foro Cultural, la Exhibici\u00f3n Militar, la experiencia inmersiva \u201cAlicia a trav\u00e9s de sus sue\u00f1os\u201d, as\u00ed como la presencia de los tradicionales Voladores de Papantla.<\/p>\n\n\n\n<p>Adem\u00e1s, por tercer a\u00f1o consecutivo, la Feria de las Fresas fue ratificada con la certificaci\u00f3n internacional en atenci\u00f3n inclusiva al visitante por la plataforma Tourism For All, reconocimiento que destaca las acciones implementadas para brindar experiencias accesibles a personas mayores y personas con discapacidad. Entre ellas sobresale la implementaci\u00f3n de una caseta de acceso con silla de ruedas a la monumental rueda de la fortuna, reforzando la inclusi\u00f3n incluso en los espacios de entretenimiento.<\/p>\n\n\n\n<p>La seguridad de las familias tambi\u00e9n es una prioridad, por lo que se implement\u00f3 un operativo coordinado con fuerzas de seguridad estatales, el Ej\u00e9rcito Mexicano, la Guardia Nacional y la Secretar\u00eda de Seguridad Ciudadana, con el objetivo de garantizar un ambiente seguro y ordenado durante toda la feria.<\/p>\n\n\n\n<p>La celebraci\u00f3n inaugural concluy\u00f3 con un show de pirotecnia y la presentaci\u00f3n musical del Grupo Liberaci\u00f3n en el Foro de la Gente, donde pusieron a cantar a las y los asistentes con sus m\u00e1s grandes \u00e9xitos. Con ello, el Gobierno de Irapuato reafirma su compromiso de impulsar espacios donde las familias puedan convivir, disfrutar de la cultura y fortalecer las tradiciones que dan identidad a la ciudad.<\/p>\n","protected":false},"excerpt":{"rendered":"<p>Con un llamado a celebrar las tradiciones, fortalecer la convivencia familiar y compartir el orgullo de ser la Capital Mundial de las Fresas, el Gobierno de Irapuato inaugur\u00f3 la Feria de las Fresas 2026, la m\u00e1xima fiesta de la ciudad. La presidenta municipal, Lorena Alfaro Garc\u00eda, encabez\u00f3 la ceremonia de apertura, acompa\u00f1ada de la secretaria&#8230;<\/p>\n","protected":false},"author":1,"featured_media":12620,"comment_status":"open","ping_status":"closed","sticky":false,"template":"","format":"standard","meta":{"footnotes":""},"categories":[8],"tags":[],"class_list":["post-12619","post","type-post","status-publish","format-standard","has-post-thumbnail","hentry","category-irapuato"],"_links":{"self":[{"href":"https:\/\/primerplanoirapuato.com\/index.php\/wp-json\/wp\/v2\/posts\/12619","targetHints":{"allow":["GET"]}}],"collection":[{"href":"https:\/\/primerplanoirapuato.com\/index.php\/wp-json\/wp\/v2\/posts"}],"about":[{"href":"https:\/\/primerplanoirapuato.com\/index.php\/wp-json\/wp\/v2\/types\/post"}],"author":[{"embeddable":true,"href":"https:\/\/primerplanoirapuato.com\/index.php\/wp-json\/wp\/v2\/users\/1"}],"replies":[{"embeddable":true,"href":"https:\/\/primerplanoirapuato.com\/index.php\/wp-json\/wp\/v2\/comments?post=12619"}],"version-history":[{"count":1,"href":"https:\/\/primerplanoirapuato.com\/index.php\/wp-json\/wp\/v2\/posts\/12619\/revisions"}],"predecessor-version":[{"id":12621,"href":"https:\/\/primerplanoirapuato.com\/index.php\/wp-json\/wp\/v2\/posts\/12619\/revisions\/12621"}],"wp:featuredmedia":[{"embeddable":true,"href":"https:\/\/primerplanoirapuato.com\/index.php\/wp-json\/wp\/v2\/media\/12620"}],"wp:attachment":[{"href":"https:\/\/primerplanoirapuato.com\/index.php\/wp-json\/wp\/v2\/media?parent=12619"}],"wp:term":[{"taxonomy":"category","embeddable":true,"href":"https:\/\/primerplanoirapuato.com\/index.php\/wp-json\/wp\/v2\/categories?post=12619"},{"taxonomy":"post_tag","embeddable":true,"href":"https:\/\/primerplanoirapuato.com\/index.php\/wp-json\/wp\/v2\/tags?post=12619"}],"curies":[{"name":"wp","href":"https:\/\/api.w.org\/{rel}","templated":true}]}}