{"id":12610,"date":"2026-03-13T17:43:52","date_gmt":"2026-03-13T17:43:52","guid":{"rendered":"https:\/\/primerplanoirapuato.com\/?p=12610"},"modified":"2026-03-13T17:43:52","modified_gmt":"2026-03-13T17:43:52","slug":"persecucion-de-la-fiscalia-termina-en-accidente-en-avenida-guanajuato-en-irapuato","status":"publish","type":"post","link":"https:\/\/primerplanoirapuato.com\/index.php\/2026\/03\/13\/persecucion-de-la-fiscalia-termina-en-accidente-en-avenida-guanajuato-en-irapuato\/","title":{"rendered":"Persecuci\u00f3n de la Fiscal\u00eda termina en accidente en avenida Guanajuato, en Irapuato"},"content":{"rendered":"\n<p>Una persecuci\u00f3n encabezada por agentes de la Fiscal\u00eda General del Estado deriv\u00f3 en un aparatoso accidente vehicular la ma\u00f1ana de este viernes sobre la avenida Guanajuato, en la ciudad de Irapuato.<\/p>\n\n\n\n<p>El hecho ocurri\u00f3 en una zona con intensa actividad comercial y constante circulaci\u00f3n vehicular, lo que provoc\u00f3 momentos de tensi\u00f3n entre automovilistas y peatones, adem\u00e1s de generar la r\u00e1pida movilizaci\u00f3n de cuerpos de emergencia y autoridades de seguridad.<\/p>\n\n\n\n<p>De acuerdo con informaci\u00f3n preliminar, los agentes detectaron frente a una instituci\u00f3n bancaria un autom\u00f3vil que presuntamente contaba con reporte de robo, por lo que iniciaron una persecuci\u00f3n para intentar interceptar la unidad.<\/p>\n\n\n\n<p>Los elementos se desplazaban a bordo de un autom\u00f3vil Charger color negro y siguieron al veh\u00edculo sospechoso, identificado como un Volkswagen de modelo reciente, cuyos ocupantes presuntamente intentaban evadir la acci\u00f3n de la justicia.<\/p>\n\n\n\n<p>Durante el seguimiento, la unidad oficial termin\u00f3 impact\u00e1ndose contra varios veh\u00edculos particulares y tambi\u00e9n contra dos motociclistas que circulaban por la zona, quienes resultaron lesionados a consecuencia del fuerte choque.<\/p>\n\n\n\n<p>De manera extraoficial se inform\u00f3 que al menos dos personas descendieron del autom\u00f3vil Volkswagen durante la persecuci\u00f3n y abandonaron la unidad, por lo que posteriormente se despleg\u00f3 un operativo para tratar de localizarlas.<\/p>\n","protected":false},"excerpt":{"rendered":"<p>Una persecuci\u00f3n encabezada por agentes de la Fiscal\u00eda General del Estado deriv\u00f3 en un aparatoso accidente vehicular la ma\u00f1ana de este viernes sobre la avenida Guanajuato, en la ciudad de Irapuato. El hecho ocurri\u00f3 en una zona con intensa actividad comercial y constante circulaci\u00f3n vehicular, lo que provoc\u00f3 momentos de tensi\u00f3n entre automovilistas y peatones,&#8230;<\/p>\n","protected":false},"author":1,"featured_media":12611,"comment_status":"open","ping_status":"closed","sticky":false,"template":"","format":"standard","meta":{"footnotes":""},"categories":[8],"tags":[],"class_list":["post-12610","post","type-post","status-publish","format-standard","has-post-thumbnail","hentry","category-irapuato"],"_links":{"self":[{"href":"https:\/\/primerplanoirapuato.com\/index.php\/wp-json\/wp\/v2\/posts\/12610","targetHints":{"allow":["GET"]}}],"collection":[{"href":"https:\/\/primerplanoirapuato.com\/index.php\/wp-json\/wp\/v2\/posts"}],"about":[{"href":"https:\/\/primerplanoirapuato.com\/index.php\/wp-json\/wp\/v2\/types\/post"}],"author":[{"embeddable":true,"href":"https:\/\/primerplanoirapuato.com\/index.php\/wp-json\/wp\/v2\/users\/1"}],"replies":[{"embeddable":true,"href":"https:\/\/primerplanoirapuato.com\/index.php\/wp-json\/wp\/v2\/comments?post=12610"}],"version-history":[{"count":1,"href":"https:\/\/primerplanoirapuato.com\/index.php\/wp-json\/wp\/v2\/posts\/12610\/revisions"}],"predecessor-version":[{"id":12612,"href":"https:\/\/primerplanoirapuato.com\/index.php\/wp-json\/wp\/v2\/posts\/12610\/revisions\/12612"}],"wp:featuredmedia":[{"embeddable":true,"href":"https:\/\/primerplanoirapuato.com\/index.php\/wp-json\/wp\/v2\/media\/12611"}],"wp:attachment":[{"href":"https:\/\/primerplanoirapuato.com\/index.php\/wp-json\/wp\/v2\/media?parent=12610"}],"wp:term":[{"taxonomy":"category","embeddable":true,"href":"https:\/\/primerplanoirapuato.com\/index.php\/wp-json\/wp\/v2\/categories?post=12610"},{"taxonomy":"post_tag","embeddable":true,"href":"https:\/\/primerplanoirapuato.com\/index.php\/wp-json\/wp\/v2\/tags?post=12610"}],"curies":[{"name":"wp","href":"https:\/\/api.w.org\/{rel}","templated":true}]}}