{"id":12503,"date":"2026-03-10T18:04:53","date_gmt":"2026-03-10T18:04:53","guid":{"rendered":"https:\/\/primerplanoirapuato.com\/?p=12503"},"modified":"2026-03-10T18:27:20","modified_gmt":"2026-03-10T18:27:20","slug":"prensa-pide-al-fiscal-alto-al-cerco-informativo","status":"publish","type":"post","link":"https:\/\/primerplanoirapuato.com\/index.php\/2026\/03\/10\/prensa-pide-al-fiscal-alto-al-cerco-informativo\/","title":{"rendered":"Prensa pide al fiscal alto al cerco informativo"},"content":{"rendered":"\n<p>Frente al fiscal, Gerardo V\u00e1zquez Alatriste, periodistas del estado se manifestaron para exigirle un alto al cerco informativo.<\/p>\n\n\n\n<p>A la manifestaci\u00f3n, el titular de la FGE respondi\u00f3 que no es educado hacer este tipo de protestas.<\/p>\n\n\n\n<p>El fiscal acudi\u00f3 al Congreso del Estado a comparecer ante los diputados con motivo del an\u00e1lisis de su segundo informe.<\/p>\n\n\n\n<p>Antes del encuentro con legisladores, los comunicadores lo increparon por el cerco informativo que se ha generado, as\u00ed como el encapsulamiento que hubo durante su informe en el Auditorio del Estado.<\/p>\n\n\n\n<p>Los periodistas tambi\u00e9n le recriminaron a Gerardo V\u00e1zquez Alatriste el bloque que hay en el \u00e1rea de Comunicaci\u00f3n Social.<\/p>\n\n\n\n<p>El fiscal del estado recalc\u00f3 que no se ha sentido respetado, y argument\u00f3 que nunca se ha quejado, y recalc\u00f3 que la Fiscal\u00eda ha dado resultados como nunca.<\/p>\n","protected":false},"excerpt":{"rendered":"<p>Frente al fiscal, Gerardo V\u00e1zquez Alatriste, periodistas del estado se manifestaron para exigirle un alto al cerco informativo. A la manifestaci\u00f3n, el titular de la FGE respondi\u00f3 que no es educado hacer este tipo de protestas. El fiscal acudi\u00f3 al Congreso del Estado a comparecer ante los diputados con motivo del an\u00e1lisis de su segundo&#8230;<\/p>\n","protected":false},"author":1,"featured_media":12506,"comment_status":"open","ping_status":"closed","sticky":false,"template":"","format":"standard","meta":{"footnotes":""},"categories":[6],"tags":[],"class_list":["post-12503","post","type-post","status-publish","format-standard","has-post-thumbnail","hentry","category-estatal"],"_links":{"self":[{"href":"https:\/\/primerplanoirapuato.com\/index.php\/wp-json\/wp\/v2\/posts\/12503","targetHints":{"allow":["GET"]}}],"collection":[{"href":"https:\/\/primerplanoirapuato.com\/index.php\/wp-json\/wp\/v2\/posts"}],"about":[{"href":"https:\/\/primerplanoirapuato.com\/index.php\/wp-json\/wp\/v2\/types\/post"}],"author":[{"embeddable":true,"href":"https:\/\/primerplanoirapuato.com\/index.php\/wp-json\/wp\/v2\/users\/1"}],"replies":[{"embeddable":true,"href":"https:\/\/primerplanoirapuato.com\/index.php\/wp-json\/wp\/v2\/comments?post=12503"}],"version-history":[{"count":2,"href":"https:\/\/primerplanoirapuato.com\/index.php\/wp-json\/wp\/v2\/posts\/12503\/revisions"}],"predecessor-version":[{"id":12507,"href":"https:\/\/primerplanoirapuato.com\/index.php\/wp-json\/wp\/v2\/posts\/12503\/revisions\/12507"}],"wp:featuredmedia":[{"embeddable":true,"href":"https:\/\/primerplanoirapuato.com\/index.php\/wp-json\/wp\/v2\/media\/12506"}],"wp:attachment":[{"href":"https:\/\/primerplanoirapuato.com\/index.php\/wp-json\/wp\/v2\/media?parent=12503"}],"wp:term":[{"taxonomy":"category","embeddable":true,"href":"https:\/\/primerplanoirapuato.com\/index.php\/wp-json\/wp\/v2\/categories?post=12503"},{"taxonomy":"post_tag","embeddable":true,"href":"https:\/\/primerplanoirapuato.com\/index.php\/wp-json\/wp\/v2\/tags?post=12503"}],"curies":[{"name":"wp","href":"https:\/\/api.w.org\/{rel}","templated":true}]}}