{"id":12051,"date":"2026-02-19T17:09:39","date_gmt":"2026-02-19T17:09:39","guid":{"rendered":"https:\/\/primerplanoirapuato.com\/?p=12051"},"modified":"2026-02-19T17:09:39","modified_gmt":"2026-02-19T17:09:39","slug":"sube-a-dos-la-cifra-de-fallecidos-por-ataque-en-parque-de-san-pancho","status":"publish","type":"post","link":"https:\/\/primerplanoirapuato.com\/index.php\/2026\/02\/19\/sube-a-dos-la-cifra-de-fallecidos-por-ataque-en-parque-de-san-pancho\/","title":{"rendered":"Sube a dos la cifra de fallecidos por ataque en parque de San Pancho\u00a0"},"content":{"rendered":"\n<p><strong>La Fiscal\u00eda General del Estado confirm\u00f3 este jueves que el ataque registrado la noche del martes en el parque de la colonia Renovaci\u00f3n dej\u00f3 dos personas muertas y ocho lesionadas.<\/strong><\/p>\n\n\n\n<p><strong>El fiscal Gerardo V\u00e1zquez Alatriste destac\u00f3 la gravedad del hecho, subrayando que entre las v\u00edctimas hay menores de edad, lo que hace que el caso sea especialmente delicado.<\/strong><\/p>\n\n\n\n<p><strong>Hasta ahora, no se ha podido establecer si la primera v\u00edctima fallecida ten\u00eda alguna relaci\u00f3n directa con los responsables del ataque, y las investigaciones contin\u00faan en curso.<\/strong><\/p>\n\n\n\n<p><strong>La Fiscal\u00eda se\u00f1al\u00f3 que es importante mantener la investigaci\u00f3n abierta y evitar conclusiones anticipadas, garantizando que el proceso se desarrolle con rigor.<\/strong><\/p>\n\n\n\n<p><strong>Se indic\u00f3 que la actuaci\u00f3n de las fuerzas de seguridad municipales ser\u00e1 revisada para determinar si se cumplieron los protocolos de persecuci\u00f3n del delito, as\u00ed como los operativos preventivos y el uso de sistemas de vigilancia.<\/strong><\/p>\n\n\n\n<p><strong>El fiscal Gerardo V\u00e1zquez&nbsp;&nbsp;confirm\u00f3 que se cuenta con elementos de prueba, como im\u00e1genes y datos recabados, que fortalecen la teor\u00eda del caso, pero a\u00fan no se puede precisar la actividad que realizaban las personas en el parque al momento del ataque.<\/strong><\/p>\n","protected":false},"excerpt":{"rendered":"<p>La Fiscal\u00eda General del Estado confirm\u00f3 este jueves que el ataque registrado la noche del martes en el parque de la colonia Renovaci\u00f3n dej\u00f3 dos personas muertas y ocho lesionadas. El fiscal Gerardo V\u00e1zquez Alatriste destac\u00f3 la gravedad del hecho, subrayando que entre las v\u00edctimas hay menores de edad, lo que hace que el caso&#8230;<\/p>\n","protected":false},"author":1,"featured_media":12020,"comment_status":"open","ping_status":"closed","sticky":false,"template":"","format":"standard","meta":{"footnotes":""},"categories":[8],"tags":[],"class_list":["post-12051","post","type-post","status-publish","format-standard","has-post-thumbnail","hentry","category-irapuato"],"_links":{"self":[{"href":"https:\/\/primerplanoirapuato.com\/index.php\/wp-json\/wp\/v2\/posts\/12051","targetHints":{"allow":["GET"]}}],"collection":[{"href":"https:\/\/primerplanoirapuato.com\/index.php\/wp-json\/wp\/v2\/posts"}],"about":[{"href":"https:\/\/primerplanoirapuato.com\/index.php\/wp-json\/wp\/v2\/types\/post"}],"author":[{"embeddable":true,"href":"https:\/\/primerplanoirapuato.com\/index.php\/wp-json\/wp\/v2\/users\/1"}],"replies":[{"embeddable":true,"href":"https:\/\/primerplanoirapuato.com\/index.php\/wp-json\/wp\/v2\/comments?post=12051"}],"version-history":[{"count":1,"href":"https:\/\/primerplanoirapuato.com\/index.php\/wp-json\/wp\/v2\/posts\/12051\/revisions"}],"predecessor-version":[{"id":12052,"href":"https:\/\/primerplanoirapuato.com\/index.php\/wp-json\/wp\/v2\/posts\/12051\/revisions\/12052"}],"wp:featuredmedia":[{"embeddable":true,"href":"https:\/\/primerplanoirapuato.com\/index.php\/wp-json\/wp\/v2\/media\/12020"}],"wp:attachment":[{"href":"https:\/\/primerplanoirapuato.com\/index.php\/wp-json\/wp\/v2\/media?parent=12051"}],"wp:term":[{"taxonomy":"category","embeddable":true,"href":"https:\/\/primerplanoirapuato.com\/index.php\/wp-json\/wp\/v2\/categories?post=12051"},{"taxonomy":"post_tag","embeddable":true,"href":"https:\/\/primerplanoirapuato.com\/index.php\/wp-json\/wp\/v2\/tags?post=12051"}],"curies":[{"name":"wp","href":"https:\/\/api.w.org\/{rel}","templated":true}]}}