{"id":11832,"date":"2026-02-10T20:46:36","date_gmt":"2026-02-10T20:46:36","guid":{"rendered":"https:\/\/primerplanoirapuato.com\/?p=11832"},"modified":"2026-02-10T20:46:36","modified_gmt":"2026-02-10T20:46:36","slug":"susana-bermudez-refrenda-compromiso-con-las-familias-guanajuatenses","status":"publish","type":"post","link":"https:\/\/primerplanoirapuato.com\/index.php\/2026\/02\/10\/susana-bermudez-refrenda-compromiso-con-las-familias-guanajuatenses\/","title":{"rendered":"Susana Berm\u00fadez refrenda compromiso con las familias guanajuatenses"},"content":{"rendered":"\n<p>La diputada panista Susana Berm\u00fadez reafirm\u00f3 que servir a la gente seguir\u00e1 siendo el eje central de su labor legislativa, al participar en la Reuni\u00f3n Plenaria rumbo al pr\u00f3ximo periodo en el Congreso. En este encuentro, se delinearon las prioridades y estrategias que marcar\u00e1n la agenda del grupo parlamentario.<\/p>\n\n\n\n<p>Durante los trabajos plenarios, Berm\u00fadez destac\u00f3 la importancia de la preparaci\u00f3n y el trabajo en equipo para enfrentar los retos del nuevo periodo legislativo, con una visi\u00f3n enfocada en la responsabilidad y en la obtenci\u00f3n de resultados que impacten de manera directa en la ciudadan\u00eda.<\/p>\n\n\n\n<p>La legisladora se\u00f1al\u00f3 que su esfuerzo estar\u00e1 orientado a fortalecer las condiciones de seguridad, oportunidades y bienestar para las familias de Guanajuato, con especial atenci\u00f3n en las mujeres, como parte de una agenda sensible a las necesidades sociales m\u00e1s apremiantes.<\/p>\n\n\n\n<p>Finalmente, subray\u00f3 que las decisiones que se tomen desde el Congreso deben reflejarse en mejoras tangibles en la vida diaria de las personas, manteniendo un trabajo cercano a la gente y una convicci\u00f3n firme de seguir avanzando con hechos y no solo con discursos.<\/p>\n","protected":false},"excerpt":{"rendered":"<p>La diputada panista Susana Berm\u00fadez reafirm\u00f3 que servir a la gente seguir\u00e1 siendo el eje central de su labor legislativa, al participar en la Reuni\u00f3n Plenaria rumbo al pr\u00f3ximo periodo en el Congreso. En este encuentro, se delinearon las prioridades y estrategias que marcar\u00e1n la agenda del grupo parlamentario. Durante los trabajos plenarios, Berm\u00fadez destac\u00f3&#8230;<\/p>\n","protected":false},"author":1,"featured_media":11833,"comment_status":"open","ping_status":"closed","sticky":false,"template":"","format":"standard","meta":{"footnotes":""},"categories":[6],"tags":[],"class_list":["post-11832","post","type-post","status-publish","format-standard","has-post-thumbnail","hentry","category-estatal"],"_links":{"self":[{"href":"https:\/\/primerplanoirapuato.com\/index.php\/wp-json\/wp\/v2\/posts\/11832","targetHints":{"allow":["GET"]}}],"collection":[{"href":"https:\/\/primerplanoirapuato.com\/index.php\/wp-json\/wp\/v2\/posts"}],"about":[{"href":"https:\/\/primerplanoirapuato.com\/index.php\/wp-json\/wp\/v2\/types\/post"}],"author":[{"embeddable":true,"href":"https:\/\/primerplanoirapuato.com\/index.php\/wp-json\/wp\/v2\/users\/1"}],"replies":[{"embeddable":true,"href":"https:\/\/primerplanoirapuato.com\/index.php\/wp-json\/wp\/v2\/comments?post=11832"}],"version-history":[{"count":1,"href":"https:\/\/primerplanoirapuato.com\/index.php\/wp-json\/wp\/v2\/posts\/11832\/revisions"}],"predecessor-version":[{"id":11834,"href":"https:\/\/primerplanoirapuato.com\/index.php\/wp-json\/wp\/v2\/posts\/11832\/revisions\/11834"}],"wp:featuredmedia":[{"embeddable":true,"href":"https:\/\/primerplanoirapuato.com\/index.php\/wp-json\/wp\/v2\/media\/11833"}],"wp:attachment":[{"href":"https:\/\/primerplanoirapuato.com\/index.php\/wp-json\/wp\/v2\/media?parent=11832"}],"wp:term":[{"taxonomy":"category","embeddable":true,"href":"https:\/\/primerplanoirapuato.com\/index.php\/wp-json\/wp\/v2\/categories?post=11832"},{"taxonomy":"post_tag","embeddable":true,"href":"https:\/\/primerplanoirapuato.com\/index.php\/wp-json\/wp\/v2\/tags?post=11832"}],"curies":[{"name":"wp","href":"https:\/\/api.w.org\/{rel}","templated":true}]}}