{"id":11422,"date":"2026-01-25T17:44:31","date_gmt":"2026-01-25T17:44:31","guid":{"rendered":"https:\/\/primerplanoirapuato.com\/?p=11422"},"modified":"2026-01-25T17:44:31","modified_gmt":"2026-01-25T17:44:31","slug":"obispo-de-irapuato-advierte-crisis-social-tras-violencia-en-salamanca","status":"publish","type":"post","link":"https:\/\/primerplanoirapuato.com\/index.php\/2026\/01\/25\/obispo-de-irapuato-advierte-crisis-social-tras-violencia-en-salamanca\/","title":{"rendered":"Obispo de Irapuato advierte crisis social tras violencia en Salamanca"},"content":{"rendered":"\n<p>La violencia registrada en el municipio de Salamanca refleja una crisis social que requiere atenci\u00f3n inmediata y conjunta, afirm\u00f3 el obispo de Irapuato, Enrique D\u00edaz D\u00edaz, al pronunciarse sobre los recientes homicidios y privaciones ilegales de la libertad.<\/p>\n\n\n\n<p>El l\u00edder religioso se\u00f1al\u00f3 que estos hechos generan un profundo dolor no s\u00f3lo en Salamanca, sino en toda la regi\u00f3n del Baj\u00edo, donde las comunidades viven con preocupaci\u00f3n e incertidumbre.<\/p>\n\n\n\n<p>D\u00edaz D\u00edaz consider\u00f3 que el gobierno y las autoridades deben asumir plenamente su responsabilidad frente a la inseguridad, reforzando acciones de prevenci\u00f3n, cuidado y protecci\u00f3n de la poblaci\u00f3n.<\/p>\n\n\n\n<p>No obstante, subray\u00f3 que la problem\u00e1tica tambi\u00e9n interpela a las familias, al reconocer que muchos de los involucrados en actos delictivos provienen de hogares fracturados o con carencias profundas.<\/p>\n\n\n\n<p>Desde su labor pastoral, se\u00f1al\u00f3 que al visitar centros penitenciarios es posible constatar el da\u00f1o que la violencia provoca en las familias, tanto de las v\u00edctimas como de quienes cometen delitos.<\/p>\n\n\n\n<p>Finalmente, reiter\u00f3 la necesidad de fortalecer el trabajo en la familia, la educaci\u00f3n y las escuelas, as\u00ed como fomentar la participaci\u00f3n ciudadana para construir entornos m\u00e1s seguros y solidarios.<\/p>\n","protected":false},"excerpt":{"rendered":"<p>La violencia registrada en el municipio de Salamanca refleja una crisis social que requiere atenci\u00f3n inmediata y conjunta, afirm\u00f3 el obispo de Irapuato, Enrique D\u00edaz D\u00edaz, al pronunciarse sobre los recientes homicidios y privaciones ilegales de la libertad. El l\u00edder religioso se\u00f1al\u00f3 que estos hechos generan un profundo dolor no s\u00f3lo en Salamanca, sino en&#8230;<\/p>\n","protected":false},"author":1,"featured_media":11310,"comment_status":"open","ping_status":"closed","sticky":false,"template":"","format":"standard","meta":{"footnotes":""},"categories":[8],"tags":[],"class_list":["post-11422","post","type-post","status-publish","format-standard","has-post-thumbnail","hentry","category-irapuato"],"_links":{"self":[{"href":"https:\/\/primerplanoirapuato.com\/index.php\/wp-json\/wp\/v2\/posts\/11422","targetHints":{"allow":["GET"]}}],"collection":[{"href":"https:\/\/primerplanoirapuato.com\/index.php\/wp-json\/wp\/v2\/posts"}],"about":[{"href":"https:\/\/primerplanoirapuato.com\/index.php\/wp-json\/wp\/v2\/types\/post"}],"author":[{"embeddable":true,"href":"https:\/\/primerplanoirapuato.com\/index.php\/wp-json\/wp\/v2\/users\/1"}],"replies":[{"embeddable":true,"href":"https:\/\/primerplanoirapuato.com\/index.php\/wp-json\/wp\/v2\/comments?post=11422"}],"version-history":[{"count":1,"href":"https:\/\/primerplanoirapuato.com\/index.php\/wp-json\/wp\/v2\/posts\/11422\/revisions"}],"predecessor-version":[{"id":11423,"href":"https:\/\/primerplanoirapuato.com\/index.php\/wp-json\/wp\/v2\/posts\/11422\/revisions\/11423"}],"wp:featuredmedia":[{"embeddable":true,"href":"https:\/\/primerplanoirapuato.com\/index.php\/wp-json\/wp\/v2\/media\/11310"}],"wp:attachment":[{"href":"https:\/\/primerplanoirapuato.com\/index.php\/wp-json\/wp\/v2\/media?parent=11422"}],"wp:term":[{"taxonomy":"category","embeddable":true,"href":"https:\/\/primerplanoirapuato.com\/index.php\/wp-json\/wp\/v2\/categories?post=11422"},{"taxonomy":"post_tag","embeddable":true,"href":"https:\/\/primerplanoirapuato.com\/index.php\/wp-json\/wp\/v2\/tags?post=11422"}],"curies":[{"name":"wp","href":"https:\/\/api.w.org\/{rel}","templated":true}]}}