{"id":11385,"date":"2026-01-23T17:49:45","date_gmt":"2026-01-23T17:49:45","guid":{"rendered":"https:\/\/primerplanoirapuato.com\/?p=11385"},"modified":"2026-01-23T17:49:45","modified_gmt":"2026-01-23T17:49:45","slug":"buscan-reconocer-a-ciudadanos-ejemplares-con-presea-vasco-de-quiroga-2026","status":"publish","type":"post","link":"https:\/\/primerplanoirapuato.com\/index.php\/2026\/01\/23\/buscan-reconocer-a-ciudadanos-ejemplares-con-presea-vasco-de-quiroga-2026\/","title":{"rendered":"BUSCAN RECONOCER A CIUDADANOS EJEMPLARES CON PRESEA VASCO DE QUIROGA 2026"},"content":{"rendered":"\n<p>El Gobierno de Irapuato, encabezado por la presidenta municipal Lorena Alfaro Garc\u00eda, invita a las y los ciudadanos, instituciones y organismos de la sociedad civil a presentar sus propuestas para la entrega de la Presea Vasco de Quiroga, en su edici\u00f3n n\u00famero 53.<\/p>\n\n\n\n<p>Este reconocimiento es el m\u00e1s importante que otorga el municipio y enmarca la celebraci\u00f3n del 479 aniversario de la ciudad. Tiene como objetivo distinguir a aquel irapuatense cuya trayectoria y acciones hayan generado un impacto positivo y de trascendencia para la comunidad.<\/p>\n\n\n\n<p>El periodo de registro de propuestas se encuentra abierto y concluir\u00e1&nbsp;el lunes 26 de enero a las 14:00&nbsp;horas. Las postulaciones se recibir\u00e1n en las oficinas del Instituto Municipal de Cultura, Arte y Recreaci\u00f3n (IMCAR), ubicadas en Rinconada Casta\u00f1eda Le\u00f3n, a espaldas del Teatro de la Ciudad.<\/p>\n\n\n\n<p>Para garantizar la legalidad del proceso, la elecci\u00f3n del irapuatense destacado en las \u00e1reas p\u00fablica, social o profesional se llevar\u00e1 a cabo&nbsp;el viernes 30 de enero, ante la fe de un notario p\u00fablico.<\/p>\n\n\n\n<p>El Consejo Directivo del IMCAR, integrado por consejeros ciudadanos, miembros del Ayuntamiento y un galardonado previo, ser\u00e1 el encargado de revisar los perfiles. Tras realizar la votaci\u00f3n, el resultado se anunciar\u00e1 ese mismo d\u00eda en rueda de prensa.<\/p>\n\n\n\n<p>La ceremonia de entrega de la presea se realizar\u00e1&nbsp;el 15 de febrero&nbsp;en la Presidencia Municipal, como parte de las actividades conmemorativas del 479 aniversario de la fundaci\u00f3n de Irapuato.<\/p>\n\n\n\n<p>En el portal del Gobierno Municipal se pueden consultar los requisitos de la convocatoria.<\/p>\n","protected":false},"excerpt":{"rendered":"<p>El Gobierno de Irapuato, encabezado por la presidenta municipal Lorena Alfaro Garc\u00eda, invita a las y los ciudadanos, instituciones y organismos de la sociedad civil a presentar sus propuestas para la entrega de la Presea Vasco de Quiroga, en su edici\u00f3n n\u00famero 53. Este reconocimiento es el m\u00e1s importante que otorga el municipio y enmarca&#8230;<\/p>\n","protected":false},"author":1,"featured_media":11386,"comment_status":"open","ping_status":"closed","sticky":false,"template":"","format":"standard","meta":{"footnotes":""},"categories":[8],"tags":[],"class_list":["post-11385","post","type-post","status-publish","format-standard","has-post-thumbnail","hentry","category-irapuato"],"_links":{"self":[{"href":"https:\/\/primerplanoirapuato.com\/index.php\/wp-json\/wp\/v2\/posts\/11385","targetHints":{"allow":["GET"]}}],"collection":[{"href":"https:\/\/primerplanoirapuato.com\/index.php\/wp-json\/wp\/v2\/posts"}],"about":[{"href":"https:\/\/primerplanoirapuato.com\/index.php\/wp-json\/wp\/v2\/types\/post"}],"author":[{"embeddable":true,"href":"https:\/\/primerplanoirapuato.com\/index.php\/wp-json\/wp\/v2\/users\/1"}],"replies":[{"embeddable":true,"href":"https:\/\/primerplanoirapuato.com\/index.php\/wp-json\/wp\/v2\/comments?post=11385"}],"version-history":[{"count":1,"href":"https:\/\/primerplanoirapuato.com\/index.php\/wp-json\/wp\/v2\/posts\/11385\/revisions"}],"predecessor-version":[{"id":11387,"href":"https:\/\/primerplanoirapuato.com\/index.php\/wp-json\/wp\/v2\/posts\/11385\/revisions\/11387"}],"wp:featuredmedia":[{"embeddable":true,"href":"https:\/\/primerplanoirapuato.com\/index.php\/wp-json\/wp\/v2\/media\/11386"}],"wp:attachment":[{"href":"https:\/\/primerplanoirapuato.com\/index.php\/wp-json\/wp\/v2\/media?parent=11385"}],"wp:term":[{"taxonomy":"category","embeddable":true,"href":"https:\/\/primerplanoirapuato.com\/index.php\/wp-json\/wp\/v2\/categories?post=11385"},{"taxonomy":"post_tag","embeddable":true,"href":"https:\/\/primerplanoirapuato.com\/index.php\/wp-json\/wp\/v2\/tags?post=11385"}],"curies":[{"name":"wp","href":"https:\/\/api.w.org\/{rel}","templated":true}]}}