{"id":11382,"date":"2026-01-23T16:31:53","date_gmt":"2026-01-23T16:31:53","guid":{"rendered":"https:\/\/primerplanoirapuato.com\/?p=11382"},"modified":"2026-01-23T16:31:53","modified_gmt":"2026-01-23T16:31:53","slug":"abasolo-impulsa-a-comerciantes-y-emprendedores-con-seminario-sobre-comercio-digital","status":"publish","type":"post","link":"https:\/\/primerplanoirapuato.com\/index.php\/2026\/01\/23\/abasolo-impulsa-a-comerciantes-y-emprendedores-con-seminario-sobre-comercio-digital\/","title":{"rendered":"Abasolo impulsa a comerciantes y emprendedores con seminario sobre comercio digital"},"content":{"rendered":"\n<p>El Municipio de Abasolo, en coordinaci\u00f3n con el Gobierno del Estado de Guanajuato a trav\u00e9s de la Secretar\u00eda de Econom\u00eda, lanz\u00f3 la convocatoria dirigida a comerciantes y emprendedores para participar en el Seminario de Formaci\u00f3n Empresarial \u201cAldeas Digitales del Comercio: El comercio en un mundo digital\u201d, un espacio enfocado en la capacitaci\u00f3n y el fortalecimiento del sector productivo local.<\/p>\n\n\n\n<p>Este seminario tiene como objetivo brindar herramientas pr\u00e1cticas y conocimientos estrat\u00e9gicos para mejorar la competitividad de las unidades econ\u00f3micas, impulsar el uso de herramientas financieras, reforzar la identidad cultural como valor econ\u00f3mico del comercio y promover la bancarizaci\u00f3n como un factor clave para el crecimiento comercial, entre otros temas relacionados con la transformaci\u00f3n digital.<\/p>\n\n\n\n<p>La jornada de capacitaci\u00f3n se llevar\u00e1 a cabo el pr\u00f3ximo 26 de enero, en un horario de 08:00 a 17:00 horas, en las instalaciones de INFORUM Irapuato, en el municipio de Irapuato, Guanajuato, y contar\u00e1 con la participaci\u00f3n de especialistas en desarrollo empresarial y comercio digital.<\/p>\n\n\n\n<p>Las autoridades informaron que el cupo es limitado y que, al finalizar el seminario, se entregar\u00e1 constancia de participaci\u00f3n a quienes completen la capacitaci\u00f3n, por lo que se invita a los interesados a asegurar su lugar y aprovechar esta oportunidad para fortalecer sus negocios y adaptarse a las nuevas din\u00e1micas del mercado digital.<\/p>\n","protected":false},"excerpt":{"rendered":"<p>El Municipio de Abasolo, en coordinaci\u00f3n con el Gobierno del Estado de Guanajuato a trav\u00e9s de la Secretar\u00eda de Econom\u00eda, lanz\u00f3 la convocatoria dirigida a comerciantes y emprendedores para participar en el Seminario de Formaci\u00f3n Empresarial \u201cAldeas Digitales del Comercio: El comercio en un mundo digital\u201d, un espacio enfocado en la capacitaci\u00f3n y el fortalecimiento&#8230;<\/p>\n","protected":false},"author":1,"featured_media":11383,"comment_status":"open","ping_status":"closed","sticky":false,"template":"","format":"standard","meta":{"footnotes":""},"categories":[3],"tags":[],"class_list":["post-11382","post","type-post","status-publish","format-standard","has-post-thumbnail","hentry","category-abasolo"],"_links":{"self":[{"href":"https:\/\/primerplanoirapuato.com\/index.php\/wp-json\/wp\/v2\/posts\/11382","targetHints":{"allow":["GET"]}}],"collection":[{"href":"https:\/\/primerplanoirapuato.com\/index.php\/wp-json\/wp\/v2\/posts"}],"about":[{"href":"https:\/\/primerplanoirapuato.com\/index.php\/wp-json\/wp\/v2\/types\/post"}],"author":[{"embeddable":true,"href":"https:\/\/primerplanoirapuato.com\/index.php\/wp-json\/wp\/v2\/users\/1"}],"replies":[{"embeddable":true,"href":"https:\/\/primerplanoirapuato.com\/index.php\/wp-json\/wp\/v2\/comments?post=11382"}],"version-history":[{"count":1,"href":"https:\/\/primerplanoirapuato.com\/index.php\/wp-json\/wp\/v2\/posts\/11382\/revisions"}],"predecessor-version":[{"id":11384,"href":"https:\/\/primerplanoirapuato.com\/index.php\/wp-json\/wp\/v2\/posts\/11382\/revisions\/11384"}],"wp:featuredmedia":[{"embeddable":true,"href":"https:\/\/primerplanoirapuato.com\/index.php\/wp-json\/wp\/v2\/media\/11383"}],"wp:attachment":[{"href":"https:\/\/primerplanoirapuato.com\/index.php\/wp-json\/wp\/v2\/media?parent=11382"}],"wp:term":[{"taxonomy":"category","embeddable":true,"href":"https:\/\/primerplanoirapuato.com\/index.php\/wp-json\/wp\/v2\/categories?post=11382"},{"taxonomy":"post_tag","embeddable":true,"href":"https:\/\/primerplanoirapuato.com\/index.php\/wp-json\/wp\/v2\/tags?post=11382"}],"curies":[{"name":"wp","href":"https:\/\/api.w.org\/{rel}","templated":true}]}}