{"id":11368,"date":"2026-01-22T23:56:55","date_gmt":"2026-01-22T23:56:55","guid":{"rendered":"https:\/\/primerplanoirapuato.com\/?p=11368"},"modified":"2026-01-22T23:56:55","modified_gmt":"2026-01-22T23:56:55","slug":"anuncia-libia-dennise-la-nueva-ruta-area-bajio-madrid","status":"publish","type":"post","link":"https:\/\/primerplanoirapuato.com\/index.php\/2026\/01\/22\/anuncia-libia-dennise-la-nueva-ruta-area-bajio-madrid\/","title":{"rendered":"Anuncia Libia Dennise la nueva ruta \u00e1rea Baj\u00edo-Madrid."},"content":{"rendered":"\n<p><strong>Tras sostener una reuni\u00f3n con directivos de Air Europa, la Gobernadora de la Gente, Libia Dennise Garc\u00eda Mu\u00f1oz Ledo, anunci\u00f3 que&nbsp; se firm\u00f3 el convenio con esta aerol\u00ednea espa\u00f1ola para abrir la Ruta Baj\u00edo-Madrid.&nbsp;<\/strong><\/p>\n\n\n\n<p><strong>\u201cEstamos muy contentos porque acabamos de terminar este encuentro, donde se realiz\u00f3 la firma con Air Europa, que nos est\u00e1 comprometiendo el vuelo Baj\u00edo-Madrid, ser\u00e1 un vuelo directo.<\/strong><\/p>\n\n\n\n<p><strong>\u201cEsta nueva ruta \u00e1rea representa para nuestro estado mayor conectividad, y esto viene sumarse al esfuerzo que estamos haciendo por seguir impulsando a Guanajuato para que sea un destino&nbsp; tur\u00edstico de talla internacional\u201d, dijo Libia Dennise al concluir esta reuni\u00f3n que es parte de la gira que realiza por Espa\u00f1a, en el marco de la participaci\u00f3n de Guanajuato en la 46\u00aa edici\u00f3n de la Feria Internacional de Turismo (FITUR), donde M\u00e9xico participa como pa\u00eds socio.<\/strong><\/p>\n\n\n\n<p><strong>\u201cSeguimos fortaleciendo nuestros v\u00ednculos con el mundo, y lo que hemos visto en esta gira de trabajo es que hay un gran mercado europeo para viajar a Guanajuato, y tambi\u00e9n de nuestro estado salen muchos visitantes a Espa\u00f1a, principalmente a Madrid, por ello, con esta firma de la Ruta Baj\u00edo-Madrid, tambi\u00e9n se fortalece a la econom\u00eda guanajuatense\u201d, resalt\u00f3 la Gobernadora.<\/strong><\/p>\n\n\n\n<p><strong>Libia Dennise agreg\u00f3 que los detalles de esta nueva ruta \u00e1rea, se dar\u00e1n a conocer m\u00e1s adelante en conjunto con la aerol\u00ednea espa\u00f1ola.<\/strong><\/p>\n\n\n\n<p><strong>Air Europa es una aerol\u00ednea espa\u00f1ola fundada en 1986, perteneciente al grupo Globalia, con sede en Madrid y una amplia red de destinos nacionales e internacionales. Es uno de los principales actores en la conectividad entre Europa y Am\u00e9rica Latina.<\/strong><\/p>\n\n\n\n<p><strong>Asiste Gobernadora a la inauguraci\u00f3n oficial del Pabell\u00f3n de M\u00e9xico, a la que acudieron los Reyes de Espa\u00f1a.&nbsp;<\/strong><\/p>\n\n\n\n<p><strong>Como parte de la agenda de trabajo, la Gobernadora de la Gente asisti\u00f3 a la inauguraci\u00f3n del Pabell\u00f3n de M\u00e9xico, en donde se tuvo la presencia de los Reyes de Espa\u00f1a, el Rey Felipe VI y la Reina Letizia Ortiz, lo que subraya la importancia diplom\u00e1tica y cultural de la feria como plataforma para estrechar lazos entre naciones y promover el turismo como motor de desarrollo.&nbsp;<\/strong><\/p>\n\n\n\n<p><strong>La FITUR 2026 vuelve a convertirse en punto de encuentro para la industria, con la asistencia de miles de empresas, profesionales de m\u00e1s de 150 pa\u00edses y una amplia oferta de productos y servicios que representan la diversidad del turismo internacional.&nbsp;<\/strong><\/p>\n","protected":false},"excerpt":{"rendered":"<p>Tras sostener una reuni\u00f3n con directivos de Air Europa, la Gobernadora de la Gente, Libia Dennise Garc\u00eda Mu\u00f1oz Ledo, anunci\u00f3 que&nbsp; se firm\u00f3 el convenio con esta aerol\u00ednea espa\u00f1ola para abrir la Ruta Baj\u00edo-Madrid.&nbsp; \u201cEstamos muy contentos porque acabamos de terminar este encuentro, donde se realiz\u00f3 la firma con Air Europa, que nos est\u00e1 comprometiendo&#8230;<\/p>\n","protected":false},"author":1,"featured_media":11369,"comment_status":"open","ping_status":"closed","sticky":false,"template":"","format":"standard","meta":{"footnotes":""},"categories":[8],"tags":[],"class_list":["post-11368","post","type-post","status-publish","format-standard","has-post-thumbnail","hentry","category-irapuato"],"_links":{"self":[{"href":"https:\/\/primerplanoirapuato.com\/index.php\/wp-json\/wp\/v2\/posts\/11368","targetHints":{"allow":["GET"]}}],"collection":[{"href":"https:\/\/primerplanoirapuato.com\/index.php\/wp-json\/wp\/v2\/posts"}],"about":[{"href":"https:\/\/primerplanoirapuato.com\/index.php\/wp-json\/wp\/v2\/types\/post"}],"author":[{"embeddable":true,"href":"https:\/\/primerplanoirapuato.com\/index.php\/wp-json\/wp\/v2\/users\/1"}],"replies":[{"embeddable":true,"href":"https:\/\/primerplanoirapuato.com\/index.php\/wp-json\/wp\/v2\/comments?post=11368"}],"version-history":[{"count":1,"href":"https:\/\/primerplanoirapuato.com\/index.php\/wp-json\/wp\/v2\/posts\/11368\/revisions"}],"predecessor-version":[{"id":11370,"href":"https:\/\/primerplanoirapuato.com\/index.php\/wp-json\/wp\/v2\/posts\/11368\/revisions\/11370"}],"wp:featuredmedia":[{"embeddable":true,"href":"https:\/\/primerplanoirapuato.com\/index.php\/wp-json\/wp\/v2\/media\/11369"}],"wp:attachment":[{"href":"https:\/\/primerplanoirapuato.com\/index.php\/wp-json\/wp\/v2\/media?parent=11368"}],"wp:term":[{"taxonomy":"category","embeddable":true,"href":"https:\/\/primerplanoirapuato.com\/index.php\/wp-json\/wp\/v2\/categories?post=11368"},{"taxonomy":"post_tag","embeddable":true,"href":"https:\/\/primerplanoirapuato.com\/index.php\/wp-json\/wp\/v2\/tags?post=11368"}],"curies":[{"name":"wp","href":"https:\/\/api.w.org\/{rel}","templated":true}]}}