{"id":11273,"date":"2026-01-18T18:41:26","date_gmt":"2026-01-18T18:41:26","guid":{"rendered":"https:\/\/primerplanoirapuato.com\/?p=11273"},"modified":"2026-01-18T18:43:18","modified_gmt":"2026-01-18T18:43:18","slug":"obispo-de-irapuato-cuestiona-promocion-internacional-sin-resolver-problemas-de-seguridad","status":"publish","type":"post","link":"https:\/\/primerplanoirapuato.com\/index.php\/2026\/01\/18\/obispo-de-irapuato-cuestiona-promocion-internacional-sin-resolver-problemas-de-seguridad\/","title":{"rendered":"Obispo de Irapuato cuestiona promoci\u00f3n internacional sin resolver problemas de seguridad"},"content":{"rendered":"\n<p>El obispo de Irapuato, Enrique D\u00edaz D\u00edaz, manifest\u00f3 su postura cr\u00edtica respecto a las acciones de promoci\u00f3n internacional del municipio, al considerar que antes de proyectar una imagen hacia el exterior se deben resolver los problemas internos.<\/p>\n\n\n\n<p>El pronunciamiento se dio al ser consultado sobre el viaje que realizar\u00e1 la alcaldesa Lorena Alfaro Garc\u00eda a Madrid, Espa\u00f1a, acompa\u00f1ada de otros funcionarios, con el objetivo de promover a Irapuato en la Fitur.<\/p>\n\n\n\n<p>El l\u00edder religioso enfatiz\u00f3 que la ciudad enfrenta un contexto complejo en materia de seguridad, el cual es conocido incluso fuera del pa\u00eds, lo que obliga a replantear las prioridades del gobierno municipal.<\/p>\n\n\n\n<p>Indic\u00f3 que la percepci\u00f3n internacional sobre la violencia en la regi\u00f3n es un factor que no puede pasarse por alto, ya que impacta directamente en la imagen del municipio y en la confianza de posibles visitantes o inversionistas.<\/p>\n\n\n\n<p>Si bien reconoci\u00f3 que la promoci\u00f3n tur\u00edstica y econ\u00f3mica es una pr\u00e1ctica v\u00e1lida, consider\u00f3 que resulta insuficiente si no se acompa\u00f1a de acciones firmes para restablecer el orden y la tranquilidad en la ciudad.<\/p>\n\n\n\n<p>Afirm\u00f3 que el fortalecimiento de la seguridad debe anteceder a cualquier esfuerzo de promoci\u00f3n, con el fin de garantizar condiciones adecuadas tanto para los habitantes como para quienes pudieran llegar de otros lugares.<\/p>\n","protected":false},"excerpt":{"rendered":"<p>El obispo de Irapuato, Enrique D\u00edaz D\u00edaz, manifest\u00f3 su postura cr\u00edtica respecto a las acciones de promoci\u00f3n internacional del municipio, al considerar que antes de proyectar una imagen hacia el exterior se deben resolver los problemas internos. El pronunciamiento se dio al ser consultado sobre el viaje que realizar\u00e1 la alcaldesa Lorena Alfaro Garc\u00eda a&#8230;<\/p>\n","protected":false},"author":1,"featured_media":11276,"comment_status":"open","ping_status":"closed","sticky":false,"template":"","format":"standard","meta":{"footnotes":""},"categories":[8],"tags":[],"class_list":["post-11273","post","type-post","status-publish","format-standard","has-post-thumbnail","hentry","category-irapuato"],"_links":{"self":[{"href":"https:\/\/primerplanoirapuato.com\/index.php\/wp-json\/wp\/v2\/posts\/11273","targetHints":{"allow":["GET"]}}],"collection":[{"href":"https:\/\/primerplanoirapuato.com\/index.php\/wp-json\/wp\/v2\/posts"}],"about":[{"href":"https:\/\/primerplanoirapuato.com\/index.php\/wp-json\/wp\/v2\/types\/post"}],"author":[{"embeddable":true,"href":"https:\/\/primerplanoirapuato.com\/index.php\/wp-json\/wp\/v2\/users\/1"}],"replies":[{"embeddable":true,"href":"https:\/\/primerplanoirapuato.com\/index.php\/wp-json\/wp\/v2\/comments?post=11273"}],"version-history":[{"count":1,"href":"https:\/\/primerplanoirapuato.com\/index.php\/wp-json\/wp\/v2\/posts\/11273\/revisions"}],"predecessor-version":[{"id":11274,"href":"https:\/\/primerplanoirapuato.com\/index.php\/wp-json\/wp\/v2\/posts\/11273\/revisions\/11274"}],"wp:featuredmedia":[{"embeddable":true,"href":"https:\/\/primerplanoirapuato.com\/index.php\/wp-json\/wp\/v2\/media\/11276"}],"wp:attachment":[{"href":"https:\/\/primerplanoirapuato.com\/index.php\/wp-json\/wp\/v2\/media?parent=11273"}],"wp:term":[{"taxonomy":"category","embeddable":true,"href":"https:\/\/primerplanoirapuato.com\/index.php\/wp-json\/wp\/v2\/categories?post=11273"},{"taxonomy":"post_tag","embeddable":true,"href":"https:\/\/primerplanoirapuato.com\/index.php\/wp-json\/wp\/v2\/tags?post=11273"}],"curies":[{"name":"wp","href":"https:\/\/api.w.org\/{rel}","templated":true}]}}