{"id":11208,"date":"2026-01-14T19:04:10","date_gmt":"2026-01-14T19:04:10","guid":{"rendered":"https:\/\/primerplanoirapuato.com\/?p=11208"},"modified":"2026-01-14T19:04:10","modified_gmt":"2026-01-14T19:04:10","slug":"alcaldesa-y-cuatro-funcionarias-viajaran-a-espana","status":"publish","type":"post","link":"https:\/\/primerplanoirapuato.com\/index.php\/2026\/01\/14\/alcaldesa-y-cuatro-funcionarias-viajaran-a-espana\/","title":{"rendered":"Alcaldesa y cuatro funcionarias viajar\u00e1n a Espa\u00f1a\u00a0"},"content":{"rendered":"\n<p><strong>Irapuato tendr\u00e1 presencia en la Feria Internacional de Turismo que se celebrar\u00e1 en Madrid del 21 al 25 de enero, con una comitiva encabezada por la alcaldesa Lorena Alfaro Garc\u00eda.&nbsp;<\/strong><\/p>\n\n\n\n<p><strong>As\u00ed lo dio a conocer Gloria Cano de la Fuente, directora del Instituto Municipal de Cultura, Arte y Recreaci\u00f3n.<\/strong><\/p>\n\n\n\n<p><strong>La titular del IMCAR explic\u00f3 que el grupo que viajar\u00e1 a Espa\u00f1a est\u00e1 integrado por cinco personas, quienes representar\u00e1n al municipio en este importante encuentro internacional del sector tur\u00edstico y de negocios.<\/strong><\/p>\n\n\n\n<p><strong>Detall\u00f3 que este esfuerzo se realiza de manera coordinada con el Gobierno del Estado, ya que en la agenda participan 10 municipios de Guanajuato, lo que permitir\u00e1 fortalecer la promoci\u00f3n del estado como destino integral.<\/strong><\/p>\n\n\n\n<p><strong>Durante la feria, Irapuato dar\u00e1 a conocer su capacidad para albergar congresos, exposiciones y convenciones, as\u00ed como su calendario de ferias, eventos culturales y actividades deportivas programadas para este a\u00f1o.<\/strong><\/p>\n\n\n\n<p><strong>Gloria Cano destac\u00f3 que la participaci\u00f3n en este tipo de foros internacionales permite abrir oportunidades de promoci\u00f3n y vinculaci\u00f3n que impactan directamente en el desarrollo econ\u00f3mico y tur\u00edstico del municipio.<\/strong><\/p>\n\n\n\n<p><strong>Finalmente, inform\u00f3 que el monto de la inversi\u00f3n que representa este viaje ser\u00e1 transparentado al regreso de la comitiva, momento en el que tambi\u00e9n se dar\u00e1n a conocer los resultados y beneficios obtenidos para la ciudad<\/strong><\/p>\n","protected":false},"excerpt":{"rendered":"<p>Irapuato tendr\u00e1 presencia en la Feria Internacional de Turismo que se celebrar\u00e1 en Madrid del 21 al 25 de enero, con una comitiva encabezada por la alcaldesa Lorena Alfaro Garc\u00eda.&nbsp; As\u00ed lo dio a conocer Gloria Cano de la Fuente, directora del Instituto Municipal de Cultura, Arte y Recreaci\u00f3n. La titular del IMCAR explic\u00f3 que&#8230;<\/p>\n","protected":false},"author":1,"featured_media":11209,"comment_status":"open","ping_status":"closed","sticky":false,"template":"","format":"standard","meta":{"footnotes":""},"categories":[8],"tags":[],"class_list":["post-11208","post","type-post","status-publish","format-standard","has-post-thumbnail","hentry","category-irapuato"],"_links":{"self":[{"href":"https:\/\/primerplanoirapuato.com\/index.php\/wp-json\/wp\/v2\/posts\/11208","targetHints":{"allow":["GET"]}}],"collection":[{"href":"https:\/\/primerplanoirapuato.com\/index.php\/wp-json\/wp\/v2\/posts"}],"about":[{"href":"https:\/\/primerplanoirapuato.com\/index.php\/wp-json\/wp\/v2\/types\/post"}],"author":[{"embeddable":true,"href":"https:\/\/primerplanoirapuato.com\/index.php\/wp-json\/wp\/v2\/users\/1"}],"replies":[{"embeddable":true,"href":"https:\/\/primerplanoirapuato.com\/index.php\/wp-json\/wp\/v2\/comments?post=11208"}],"version-history":[{"count":1,"href":"https:\/\/primerplanoirapuato.com\/index.php\/wp-json\/wp\/v2\/posts\/11208\/revisions"}],"predecessor-version":[{"id":11210,"href":"https:\/\/primerplanoirapuato.com\/index.php\/wp-json\/wp\/v2\/posts\/11208\/revisions\/11210"}],"wp:featuredmedia":[{"embeddable":true,"href":"https:\/\/primerplanoirapuato.com\/index.php\/wp-json\/wp\/v2\/media\/11209"}],"wp:attachment":[{"href":"https:\/\/primerplanoirapuato.com\/index.php\/wp-json\/wp\/v2\/media?parent=11208"}],"wp:term":[{"taxonomy":"category","embeddable":true,"href":"https:\/\/primerplanoirapuato.com\/index.php\/wp-json\/wp\/v2\/categories?post=11208"},{"taxonomy":"post_tag","embeddable":true,"href":"https:\/\/primerplanoirapuato.com\/index.php\/wp-json\/wp\/v2\/tags?post=11208"}],"curies":[{"name":"wp","href":"https:\/\/api.w.org\/{rel}","templated":true}]}}