{"id":11097,"date":"2026-01-08T18:28:54","date_gmt":"2026-01-08T18:28:54","guid":{"rendered":"https:\/\/primerplanoirapuato.com\/?p=11097"},"modified":"2026-01-08T18:28:54","modified_gmt":"2026-01-08T18:28:54","slug":"feria-2026-tendra-una-gran-cartelera-adelanta-lorena-alfaro","status":"publish","type":"post","link":"https:\/\/primerplanoirapuato.com\/index.php\/2026\/01\/08\/feria-2026-tendra-una-gran-cartelera-adelanta-lorena-alfaro\/","title":{"rendered":"Feria 2026 tendr\u00e1 una gran cartelera, adelanta Lorena Alfaro"},"content":{"rendered":"\n<p>Los irapuatenses se van a sorprender con la cartelera de la feria 2026, adelant\u00f3 la alcaldesa, Lorena Alfaro Garc\u00eda. <\/p>\n\n\n\n<p>En entrevista, mencion\u00f3 que, en su momento, se dar\u00e1n a conocer los pormenores de la m\u00e1xima fiesta de la ciudad. <\/p>\n\n\n\n<p>\u201cLos vamos a sorprender con la cartelera que les vamos a anunciar este mes con la feria de Irapuato\u201d, dijo. <\/p>\n\n\n\n<p>La edil expuso que habr\u00e1 todo el apoyo del gobierno estatal para la realizaci\u00f3n de la feria de las fresas. <\/p>\n\n\n\n<p>Lorena Alfaro coment\u00f3 que, con esto, se va a mantener el nivel de atractivos para que haya una proyecci\u00f3n internacional. <\/p>\n\n\n\n<p>\u201cEstamos haciendo el an\u00e1lisis y la gesti\u00f3n ante el Estado, en su momento les daremos la informaci\u00f3n puntual, estar\u00e1 muy variado, muy completo, tres fines de semana con cuatro presentaciones, de jueves a domingo y habr\u00e1 un complemento\u201d, a\u00f1adi\u00f3. <\/p>\n\n\n\n<p>La presidenta municipal expres\u00f3 que la meta de la feria de este a\u00f1o es superar las cifras de las ediciones anteriores.<\/p>\n","protected":false},"excerpt":{"rendered":"<p>Los irapuatenses se van a sorprender con la cartelera de la feria 2026, adelant\u00f3 la alcaldesa, Lorena Alfaro Garc\u00eda. En entrevista, mencion\u00f3 que, en su momento, se dar\u00e1n a conocer los pormenores de la m\u00e1xima fiesta de la ciudad. \u201cLos vamos a sorprender con la cartelera que les vamos a anunciar este mes con la&#8230;<\/p>\n","protected":false},"author":1,"featured_media":11098,"comment_status":"open","ping_status":"closed","sticky":false,"template":"","format":"standard","meta":{"footnotes":""},"categories":[8],"tags":[],"class_list":["post-11097","post","type-post","status-publish","format-standard","has-post-thumbnail","hentry","category-irapuato"],"_links":{"self":[{"href":"https:\/\/primerplanoirapuato.com\/index.php\/wp-json\/wp\/v2\/posts\/11097","targetHints":{"allow":["GET"]}}],"collection":[{"href":"https:\/\/primerplanoirapuato.com\/index.php\/wp-json\/wp\/v2\/posts"}],"about":[{"href":"https:\/\/primerplanoirapuato.com\/index.php\/wp-json\/wp\/v2\/types\/post"}],"author":[{"embeddable":true,"href":"https:\/\/primerplanoirapuato.com\/index.php\/wp-json\/wp\/v2\/users\/1"}],"replies":[{"embeddable":true,"href":"https:\/\/primerplanoirapuato.com\/index.php\/wp-json\/wp\/v2\/comments?post=11097"}],"version-history":[{"count":1,"href":"https:\/\/primerplanoirapuato.com\/index.php\/wp-json\/wp\/v2\/posts\/11097\/revisions"}],"predecessor-version":[{"id":11099,"href":"https:\/\/primerplanoirapuato.com\/index.php\/wp-json\/wp\/v2\/posts\/11097\/revisions\/11099"}],"wp:featuredmedia":[{"embeddable":true,"href":"https:\/\/primerplanoirapuato.com\/index.php\/wp-json\/wp\/v2\/media\/11098"}],"wp:attachment":[{"href":"https:\/\/primerplanoirapuato.com\/index.php\/wp-json\/wp\/v2\/media?parent=11097"}],"wp:term":[{"taxonomy":"category","embeddable":true,"href":"https:\/\/primerplanoirapuato.com\/index.php\/wp-json\/wp\/v2\/categories?post=11097"},{"taxonomy":"post_tag","embeddable":true,"href":"https:\/\/primerplanoirapuato.com\/index.php\/wp-json\/wp\/v2\/tags?post=11097"}],"curies":[{"name":"wp","href":"https:\/\/api.w.org\/{rel}","templated":true}]}}