{"id":11092,"date":"2026-01-08T15:46:46","date_gmt":"2026-01-08T15:46:46","guid":{"rendered":"https:\/\/primerplanoirapuato.com\/?p=11092"},"modified":"2026-01-08T15:46:46","modified_gmt":"2026-01-08T15:46:46","slug":"reinician-miercoles-ciudadanos-en-irapuato","status":"publish","type":"post","link":"https:\/\/primerplanoirapuato.com\/index.php\/2026\/01\/08\/reinician-miercoles-ciudadanos-en-irapuato\/","title":{"rendered":"REINICIAN MI\u00c9RCOLES CIUDADANOS EN IRAPUATO"},"content":{"rendered":"\n<p>El primer Mi\u00e9rcoles Ciudadano del 2026 se llevar\u00e1 a cabo el pr\u00f3ximo mi\u00e9rcoles 14 de enero, con atenci\u00f3n directa a reportes, quejas e inquietudes de las y los irapuatenses.<\/p>\n\n\n\n<p>Desde las 10:00 de la ma\u00f1ana a las 2:00 de la tarde, en el patio de la Presidencia Municipal y en el Andador Sor Juana In\u00e9s de la Cruz, se contar\u00e1 con la participaci\u00f3n de las y los titulares de dependencias como Educaci\u00f3n, Desarrollo Social y Humano, Econom\u00eda y Turismo, Tesorer\u00eda, Sustentabilidad, Obras P\u00fablicas, Desarrollo Urbano, Servicios P\u00fablicos, Movilidad, Secretar\u00eda de Seguridad Ciudadana, JAPAMI, entre otras.<\/p>\n\n\n\n<p>Adem\u00e1s, se ofrecer\u00e1n servicios gratuitos a trav\u00e9s de las Unidades M\u00e9dicas M\u00f3viles, que brindan atenci\u00f3n m\u00e9dica general y dental, as\u00ed como atenci\u00f3n veterinaria por parte de la Direcci\u00f3n de Salud y la Coordinaci\u00f3n de Prevenci\u00f3n, Atenci\u00f3n y Protecci\u00f3n Animal (CANI).<\/p>\n\n\n\n<p>Los Mi\u00e9rcoles Ciudadanos se realizar\u00e1n de manera quincenal, con el objetivo de atender de forma directa a la ciudadan\u00eda, refrendando el compromiso del Gobierno de Irapuato encabezado por la presidenta municipal, Lorena Alfaro Garc\u00eda, de ser un gobierno cercano, de puertas abiertas y que coloca a las personas en el centro de la atenci\u00f3n, para que nadie se quede atr\u00e1s.<\/p>\n","protected":false},"excerpt":{"rendered":"<p>El primer Mi\u00e9rcoles Ciudadano del 2026 se llevar\u00e1 a cabo el pr\u00f3ximo mi\u00e9rcoles 14 de enero, con atenci\u00f3n directa a reportes, quejas e inquietudes de las y los irapuatenses. Desde las 10:00 de la ma\u00f1ana a las 2:00 de la tarde, en el patio de la Presidencia Municipal y en el Andador Sor Juana In\u00e9s&#8230;<\/p>\n","protected":false},"author":1,"featured_media":11093,"comment_status":"open","ping_status":"closed","sticky":false,"template":"","format":"standard","meta":{"footnotes":""},"categories":[8],"tags":[],"class_list":["post-11092","post","type-post","status-publish","format-standard","has-post-thumbnail","hentry","category-irapuato"],"_links":{"self":[{"href":"https:\/\/primerplanoirapuato.com\/index.php\/wp-json\/wp\/v2\/posts\/11092","targetHints":{"allow":["GET"]}}],"collection":[{"href":"https:\/\/primerplanoirapuato.com\/index.php\/wp-json\/wp\/v2\/posts"}],"about":[{"href":"https:\/\/primerplanoirapuato.com\/index.php\/wp-json\/wp\/v2\/types\/post"}],"author":[{"embeddable":true,"href":"https:\/\/primerplanoirapuato.com\/index.php\/wp-json\/wp\/v2\/users\/1"}],"replies":[{"embeddable":true,"href":"https:\/\/primerplanoirapuato.com\/index.php\/wp-json\/wp\/v2\/comments?post=11092"}],"version-history":[{"count":1,"href":"https:\/\/primerplanoirapuato.com\/index.php\/wp-json\/wp\/v2\/posts\/11092\/revisions"}],"predecessor-version":[{"id":11094,"href":"https:\/\/primerplanoirapuato.com\/index.php\/wp-json\/wp\/v2\/posts\/11092\/revisions\/11094"}],"wp:featuredmedia":[{"embeddable":true,"href":"https:\/\/primerplanoirapuato.com\/index.php\/wp-json\/wp\/v2\/media\/11093"}],"wp:attachment":[{"href":"https:\/\/primerplanoirapuato.com\/index.php\/wp-json\/wp\/v2\/media?parent=11092"}],"wp:term":[{"taxonomy":"category","embeddable":true,"href":"https:\/\/primerplanoirapuato.com\/index.php\/wp-json\/wp\/v2\/categories?post=11092"},{"taxonomy":"post_tag","embeddable":true,"href":"https:\/\/primerplanoirapuato.com\/index.php\/wp-json\/wp\/v2\/tags?post=11092"}],"curies":[{"name":"wp","href":"https:\/\/api.w.org\/{rel}","templated":true}]}}