{"id":11089,"date":"2026-01-08T14:50:00","date_gmt":"2026-01-08T14:50:00","guid":{"rendered":"https:\/\/primerplanoirapuato.com\/?p=11089"},"modified":"2026-01-08T15:45:11","modified_gmt":"2026-01-08T15:45:11","slug":"dos-menores-perdieron-la-vida-en-un-ataque-en-la-e-zapata-de-irapuato","status":"publish","type":"post","link":"https:\/\/primerplanoirapuato.com\/index.php\/2026\/01\/08\/dos-menores-perdieron-la-vida-en-un-ataque-en-la-e-zapata-de-irapuato\/","title":{"rendered":"Dos menores perdieron la vida en un ataque en la E. Zapata de Irapuato"},"content":{"rendered":"\n<p>En un ataque armado ocurrido la medianoche del mi\u00e9rcoles en la colonia Emiliano Zapata, muri\u00f3 un menor de 9 a\u00f1os y un adolescente de 16.<\/p>\n\n\n\n<p>Los hechos se registraron en la calle Plan de Ayala esquina con Vasco de Quiroga.<\/p>\n\n\n\n<p>El 911 de emergencias atendi\u00f3 el reporte de personas lesionadas en el lugar de los hechos.<\/p>\n\n\n\n<p>Al lugar hab\u00edan arribado civiles armados en una motocicleta y en una pickup para perpetrar el ataque con armas de alto poder.<\/p>\n\n\n\n<p>Las autoridades, al constituirse en la zona, tomaron conocimiento de un menor de 16 a\u00f1os muerto y un ni\u00f1o de 9 a\u00f1os herido, quien fue trasladado al hospital, pero luego se report\u00f3 su deceso.<\/p>\n\n\n\n<p>El adolescente ten\u00eda los disparos en la cabeza, y fue identificado como Jes\u00fas, en tanto, el de 9 a\u00f1os fue identificado como Said y ten\u00eda los disparos en brazo, pierna y cabeza.<\/p>\n\n\n\n<p>El sitio fue acordonado con cintas amarillas para los trabajos periciales de la Fiscal\u00eda General del Estado de Guanajuato.<\/p>\n\n\n\n<p>Los cuerpos fueron recogidos de la zona del ataque y del hospital para su traslado al SEMEFO.<\/p>\n\n\n\n<p><\/p>\n","protected":false},"excerpt":{"rendered":"<p>En un ataque armado ocurrido la medianoche del mi\u00e9rcoles en la colonia Emiliano Zapata, muri\u00f3 un menor de 9 a\u00f1os y un adolescente de 16. Los hechos se registraron en la calle Plan de Ayala esquina con Vasco de Quiroga. El 911 de emergencias atendi\u00f3 el reporte de personas lesionadas en el lugar de los&#8230;<\/p>\n","protected":false},"author":1,"featured_media":10661,"comment_status":"open","ping_status":"closed","sticky":false,"template":"","format":"standard","meta":{"footnotes":""},"categories":[8],"tags":[],"class_list":["post-11089","post","type-post","status-publish","format-standard","has-post-thumbnail","hentry","category-irapuato"],"_links":{"self":[{"href":"https:\/\/primerplanoirapuato.com\/index.php\/wp-json\/wp\/v2\/posts\/11089","targetHints":{"allow":["GET"]}}],"collection":[{"href":"https:\/\/primerplanoirapuato.com\/index.php\/wp-json\/wp\/v2\/posts"}],"about":[{"href":"https:\/\/primerplanoirapuato.com\/index.php\/wp-json\/wp\/v2\/types\/post"}],"author":[{"embeddable":true,"href":"https:\/\/primerplanoirapuato.com\/index.php\/wp-json\/wp\/v2\/users\/1"}],"replies":[{"embeddable":true,"href":"https:\/\/primerplanoirapuato.com\/index.php\/wp-json\/wp\/v2\/comments?post=11089"}],"version-history":[{"count":2,"href":"https:\/\/primerplanoirapuato.com\/index.php\/wp-json\/wp\/v2\/posts\/11089\/revisions"}],"predecessor-version":[{"id":11091,"href":"https:\/\/primerplanoirapuato.com\/index.php\/wp-json\/wp\/v2\/posts\/11089\/revisions\/11091"}],"wp:featuredmedia":[{"embeddable":true,"href":"https:\/\/primerplanoirapuato.com\/index.php\/wp-json\/wp\/v2\/media\/10661"}],"wp:attachment":[{"href":"https:\/\/primerplanoirapuato.com\/index.php\/wp-json\/wp\/v2\/media?parent=11089"}],"wp:term":[{"taxonomy":"category","embeddable":true,"href":"https:\/\/primerplanoirapuato.com\/index.php\/wp-json\/wp\/v2\/categories?post=11089"},{"taxonomy":"post_tag","embeddable":true,"href":"https:\/\/primerplanoirapuato.com\/index.php\/wp-json\/wp\/v2\/tags?post=11089"}],"curies":[{"name":"wp","href":"https:\/\/api.w.org\/{rel}","templated":true}]}}