{"id":11007,"date":"2026-01-05T05:02:07","date_gmt":"2026-01-05T05:02:07","guid":{"rendered":"https:\/\/primerplanoirapuato.com\/?p=11007"},"modified":"2026-01-05T05:02:07","modified_gmt":"2026-01-05T05:02:07","slug":"mueren-dos-peregrinos-tras-accidente-en-la-carretera-irapuato-silao","status":"publish","type":"post","link":"https:\/\/primerplanoirapuato.com\/index.php\/2026\/01\/05\/mueren-dos-peregrinos-tras-accidente-en-la-carretera-irapuato-silao\/","title":{"rendered":"Mueren dos peregrinos tras accidente en la carretera Irapuato\u2013Silao"},"content":{"rendered":"\n<p>Un accidente vial registrado sobre la carretera federal Irapuato\u2013Silao dej\u00f3 como saldo dos personas sin vida, un lesionado y la muerte de un caballo, a la altura de la colonia Unidad Deportiva El Copal.<\/p>\n\n\n\n<p>De acuerdo con informaci\u00f3n confirmada por autoridades, el percance ocurri\u00f3 cuando un autob\u00fas de pasajeros impact\u00f3 por alcance a una carreta que circulaba por la vialidad, la cual era jalada por un caballo.<\/p>\n\n\n\n<p>Al lugar acudieron elementos de la Guardia Nacional, quienes tomaron conocimiento del hecho y realizaron el resguardo de la zona, adem\u00e1s de coordinar las labores para evitar nuevos riesgos a los automovilistas.<\/p>\n\n\n\n<p>Personal de Protecci\u00f3n Civil y Bomberos brind\u00f3 atenci\u00f3n prehospitalaria y apoy\u00f3 en el traslado del conductor del autob\u00fas a un hospital, as\u00ed como de una persona m\u00e1s que viajaba en la carreta y result\u00f3 lesionada.<\/p>\n\n\n\n<p>En el sitio se confirm\u00f3 el fallecimiento de dos personas que se desplazaban en la carreta, quienes formaban parte de un grupo de peregrinos provenientes de Celaya con destino a Cristo Rey. Los cuerpos fueron trasladados al Servicio M\u00e9dico Forense para la necropsia legal, mientras contin\u00faan las investigaciones para deslindar responsabilidades.<\/p>\n","protected":false},"excerpt":{"rendered":"<p>Un accidente vial registrado sobre la carretera federal Irapuato\u2013Silao dej\u00f3 como saldo dos personas sin vida, un lesionado y la muerte de un caballo, a la altura de la colonia Unidad Deportiva El Copal. De acuerdo con informaci\u00f3n confirmada por autoridades, el percance ocurri\u00f3 cuando un autob\u00fas de pasajeros impact\u00f3 por alcance a una carreta&#8230;<\/p>\n","protected":false},"author":1,"featured_media":11008,"comment_status":"open","ping_status":"closed","sticky":false,"template":"","format":"standard","meta":{"footnotes":""},"categories":[8],"tags":[],"class_list":["post-11007","post","type-post","status-publish","format-standard","has-post-thumbnail","hentry","category-irapuato"],"_links":{"self":[{"href":"https:\/\/primerplanoirapuato.com\/index.php\/wp-json\/wp\/v2\/posts\/11007","targetHints":{"allow":["GET"]}}],"collection":[{"href":"https:\/\/primerplanoirapuato.com\/index.php\/wp-json\/wp\/v2\/posts"}],"about":[{"href":"https:\/\/primerplanoirapuato.com\/index.php\/wp-json\/wp\/v2\/types\/post"}],"author":[{"embeddable":true,"href":"https:\/\/primerplanoirapuato.com\/index.php\/wp-json\/wp\/v2\/users\/1"}],"replies":[{"embeddable":true,"href":"https:\/\/primerplanoirapuato.com\/index.php\/wp-json\/wp\/v2\/comments?post=11007"}],"version-history":[{"count":1,"href":"https:\/\/primerplanoirapuato.com\/index.php\/wp-json\/wp\/v2\/posts\/11007\/revisions"}],"predecessor-version":[{"id":11009,"href":"https:\/\/primerplanoirapuato.com\/index.php\/wp-json\/wp\/v2\/posts\/11007\/revisions\/11009"}],"wp:featuredmedia":[{"embeddable":true,"href":"https:\/\/primerplanoirapuato.com\/index.php\/wp-json\/wp\/v2\/media\/11008"}],"wp:attachment":[{"href":"https:\/\/primerplanoirapuato.com\/index.php\/wp-json\/wp\/v2\/media?parent=11007"}],"wp:term":[{"taxonomy":"category","embeddable":true,"href":"https:\/\/primerplanoirapuato.com\/index.php\/wp-json\/wp\/v2\/categories?post=11007"},{"taxonomy":"post_tag","embeddable":true,"href":"https:\/\/primerplanoirapuato.com\/index.php\/wp-json\/wp\/v2\/tags?post=11007"}],"curies":[{"name":"wp","href":"https:\/\/api.w.org\/{rel}","templated":true}]}}