{"id":1058,"date":"2024-05-08T18:15:20","date_gmt":"2024-05-08T18:15:20","guid":{"rendered":"http:\/\/www.primerplanoirapuato.com\/?p=35171"},"modified":"2024-05-08T18:15:20","modified_gmt":"2024-05-08T18:15:20","slug":"conmemoran-natalicio-de-miguel-hidalgo-y-costilla","status":"publish","type":"post","link":"https:\/\/primerplanoirapuato.com\/index.php\/2024\/05\/08\/conmemoran-natalicio-de-miguel-hidalgo-y-costilla\/","title":{"rendered":"CONMEMORAN NATALICIO DE MIGUEL HIDALGO Y COSTILLA"},"content":{"rendered":"\n<p>Autoridades municipales conmemoraron el 271 aniversario del natalicio de Don Miguel Hidalgo y Costilla, quien el 16 de septiembre de 1810, llam\u00f3 desde la iglesia de Dolores Hidalgo al pueblo a levantarse en armas para conseguir la Independencia de M\u00e9xico frente a las autoridades virreinales de Espa\u00f1a.<\/p>\n\n\n\n<p>Para recordar esta fecha, se realiz\u00f3 una guardia de honor en el busto del Padre de la Patria y en seguida se realizaron Honores a la Bandera en la explanada de la plazuela que lleva su nombre.<\/p>\n","protected":false},"excerpt":{"rendered":"<p>Autoridades municipales conmemoraron el 271 aniversario del natalicio de Don Miguel Hidalgo y Costilla, quien el 16 de septiembre de 1810, llam\u00f3 desde la iglesia de Dolores Hidalgo al pueblo a levantarse en armas para conseguir la Independencia de M\u00e9xico frente a las autoridades virreinales de Espa\u00f1a. Para recordar esta fecha, se realiz\u00f3 una guardia&#8230;<\/p>\n","protected":false},"author":1,"featured_media":1059,"comment_status":"open","ping_status":"closed","sticky":false,"template":"","format":"standard","meta":{"footnotes":""},"categories":[7],"tags":[],"class_list":["post-1058","post","type-post","status-publish","format-standard","has-post-thumbnail","hentry","category-guanajuato-rojo"],"_links":{"self":[{"href":"https:\/\/primerplanoirapuato.com\/index.php\/wp-json\/wp\/v2\/posts\/1058","targetHints":{"allow":["GET"]}}],"collection":[{"href":"https:\/\/primerplanoirapuato.com\/index.php\/wp-json\/wp\/v2\/posts"}],"about":[{"href":"https:\/\/primerplanoirapuato.com\/index.php\/wp-json\/wp\/v2\/types\/post"}],"author":[{"embeddable":true,"href":"https:\/\/primerplanoirapuato.com\/index.php\/wp-json\/wp\/v2\/users\/1"}],"replies":[{"embeddable":true,"href":"https:\/\/primerplanoirapuato.com\/index.php\/wp-json\/wp\/v2\/comments?post=1058"}],"version-history":[{"count":0,"href":"https:\/\/primerplanoirapuato.com\/index.php\/wp-json\/wp\/v2\/posts\/1058\/revisions"}],"wp:featuredmedia":[{"embeddable":true,"href":"https:\/\/primerplanoirapuato.com\/index.php\/wp-json\/"}],"wp:attachment":[{"href":"https:\/\/primerplanoirapuato.com\/index.php\/wp-json\/wp\/v2\/media?parent=1058"}],"wp:term":[{"taxonomy":"category","embeddable":true,"href":"https:\/\/primerplanoirapuato.com\/index.php\/wp-json\/wp\/v2\/categories?post=1058"},{"taxonomy":"post_tag","embeddable":true,"href":"https:\/\/primerplanoirapuato.com\/index.php\/wp-json\/wp\/v2\/tags?post=1058"}],"curies":[{"name":"wp","href":"https:\/\/api.w.org\/{rel}","templated":true}]}}