{"id":1028,"date":"2024-05-11T16:48:50","date_gmt":"2024-05-11T16:48:50","guid":{"rendered":"http:\/\/www.primerplanoirapuato.com\/?p=35220"},"modified":"2024-05-11T16:48:50","modified_gmt":"2024-05-11T16:48:50","slug":"participa-irapuato-en-el-dia-internacional-de-los-museos","status":"publish","type":"post","link":"https:\/\/primerplanoirapuato.com\/index.php\/2024\/05\/11\/participa-irapuato-en-el-dia-internacional-de-los-museos\/","title":{"rendered":"PARTICIPA IRAPUATO EN EL D\u00cdA INTERNACIONAL DE LOS MUSEOS"},"content":{"rendered":"\n<p>Irapuato tambi\u00e9n participa en el D\u00eda Internacional de los Museos, con&nbsp;jornadasconmemorativas&nbsp;que se realizar\u00e1n del 15 al 18 de mayo en el Museo Salvador Almaraz.<\/p>\n\n\n\n<p>El 18 de mayo, es la&nbsp;fecha ideal para visitar el museo de la&nbsp;ciudad y&nbsp;concientizar a las personas&nbsp;sobre&nbsp;la relevancia que ejercen los museos&nbsp;como guardianes&nbsp;del&nbsp;acervo cultural de la humanidad.<\/p>\n\n\n\n<p>El Instituto Municipal de Cultura, Arte y Recreaci\u00f3n&nbsp;(IMCAR),&nbsp;festejar\u00e1 el&nbsp;18 de mayo&nbsp;El D\u00eda Internacional de los Museos,&nbsp;con la inauguraci\u00f3n de dos exposiciones&nbsp;temporales: \u201cLa Melancol\u00eda del Ser\u201d,&nbsp;de Rafael&nbsp;Coronel,&nbsp;y&nbsp;\u201cMarginal\u201d delirapuatense&nbsp;Daniel Mendoza<\/p>\n\n\n\n<p>.<\/p>\n\n\n\n<p>Para que los&nbsp;irapuatenses&nbsp;conozcan la importancia de lo que representa tener un museo en la ciudad,&nbsp;se realizar\u00e1n conferencias, talleres y otras actividades, previas a la conmemoraci\u00f3n.<\/p>\n\n\n\n<p>Las actividades comenzar\u00e1n el&nbsp;15 de mayo a las 12:00&nbsp;p.m.,con la&nbsp;charla: \u201cUn&nbsp;Museo Vivo. La Historia del Museo de la Ciudad de Irapuato\u201d. Se contar\u00e1&nbsp;la historia del museo desde sus or\u00edgenes, el espacio que habita&nbsp;y sus colecciones.<\/p>\n\n\n\n<p>El&nbsp;16 y 17 de mayo,&nbsp;de 4 a 6 de la tarde,&nbsp;se llevar\u00e1 a cabo la&nbsp;intervenci\u00f3n:&nbsp;\u201cIncluir.&nbsp;Intervenir.&nbsp;Crear desde un Museo Local\u201d,&nbsp;organizada para los&nbsp;artistas emergentes de Irapuato.&nbsp;El objetivo es&nbsp;intervenir&nbsp;con cualquier t\u00e9cnica gr\u00e1fica, estructuras designadas para plasmar la percepci\u00f3n&nbsp;de la ciudadan\u00eda&nbsp;hacia el museo.&nbsp;Adem\u00e1s,&nbsp;se realizar\u00e1 el&nbsp;taller:&nbsp;\u201cStencil y Patrimonio\u201d, para reconocer el museo y&nbsp;su&nbsp;entorno&nbsp;a trav\u00e9s de su arquitectura, colecciones y diversas miradas. Se espera&nbsp;un testimonio gr\u00e1fico y documental,&nbsp;que se materializar\u00e1 medianteel aprendizaje de la t\u00e9cnica&nbsp;stencil.<\/p>\n\n\n\n<p>El 17 de mayo,&nbsp;de 11:00 de la ma\u00f1ana&nbsp;a 1 de la tarde,&nbsp;se realizar\u00e1 la intervenci\u00f3n:&nbsp;\u201cC\u00edrculo Imaginario Colectivo\u201d,&nbsp;esta actividad incluyente,&nbsp;est\u00e1 dirigida&nbsp;a&nbsp;personas con&nbsp;S\u00edndrome de&nbsp;Down,&nbsp;y&nbsp;consiste en&nbsp;la participaci\u00f3n&nbsp;en bastidores,&nbsp;para generar una obra colectiva a partir&nbsp;del&nbsp;aprendizaje de una t\u00e9cnica gr\u00e1fica.<\/p>\n\n\n\n<p>De esta forma, el IMCAR&nbsp;impulsa el arte, historia y cultura en las y los&nbsp;irapuatenses, y se suma a la&nbsp;conmemoraci\u00f3n del D\u00eda&nbsp;Internacional de los Museos.<\/p>\n","protected":false},"excerpt":{"rendered":"<p>Irapuato tambi\u00e9n participa en el D\u00eda Internacional de los Museos, con&nbsp;jornadasconmemorativas&nbsp;que se realizar\u00e1n del 15 al 18 de mayo en el Museo Salvador Almaraz. El 18 de mayo, es la&nbsp;fecha ideal para visitar el museo de la&nbsp;ciudad y&nbsp;concientizar a las personas&nbsp;sobre&nbsp;la relevancia que ejercen los museos&nbsp;como guardianes&nbsp;del&nbsp;acervo cultural de la humanidad. El Instituto Municipal de&#8230;<\/p>\n","protected":false},"author":1,"featured_media":1029,"comment_status":"open","ping_status":"closed","sticky":false,"template":"","format":"standard","meta":{"footnotes":""},"categories":[8],"tags":[],"class_list":["post-1028","post","type-post","status-publish","format-standard","has-post-thumbnail","hentry","category-irapuato"],"_links":{"self":[{"href":"https:\/\/primerplanoirapuato.com\/index.php\/wp-json\/wp\/v2\/posts\/1028","targetHints":{"allow":["GET"]}}],"collection":[{"href":"https:\/\/primerplanoirapuato.com\/index.php\/wp-json\/wp\/v2\/posts"}],"about":[{"href":"https:\/\/primerplanoirapuato.com\/index.php\/wp-json\/wp\/v2\/types\/post"}],"author":[{"embeddable":true,"href":"https:\/\/primerplanoirapuato.com\/index.php\/wp-json\/wp\/v2\/users\/1"}],"replies":[{"embeddable":true,"href":"https:\/\/primerplanoirapuato.com\/index.php\/wp-json\/wp\/v2\/comments?post=1028"}],"version-history":[{"count":0,"href":"https:\/\/primerplanoirapuato.com\/index.php\/wp-json\/wp\/v2\/posts\/1028\/revisions"}],"wp:featuredmedia":[{"embeddable":true,"href":"https:\/\/primerplanoirapuato.com\/index.php\/wp-json\/"}],"wp:attachment":[{"href":"https:\/\/primerplanoirapuato.com\/index.php\/wp-json\/wp\/v2\/media?parent=1028"}],"wp:term":[{"taxonomy":"category","embeddable":true,"href":"https:\/\/primerplanoirapuato.com\/index.php\/wp-json\/wp\/v2\/categories?post=1028"},{"taxonomy":"post_tag","embeddable":true,"href":"https:\/\/primerplanoirapuato.com\/index.php\/wp-json\/wp\/v2\/tags?post=1028"}],"curies":[{"name":"wp","href":"https:\/\/api.w.org\/{rel}","templated":true}]}}