{"id":10146,"date":"2025-11-25T20:33:22","date_gmt":"2025-11-25T20:33:22","guid":{"rendered":"https:\/\/primerplanoirapuato.com\/?p=10146"},"modified":"2025-11-25T20:33:22","modified_gmt":"2025-11-25T20:33:22","slug":"conmemoran-25-de-noviembre-con-la-campana-noestassola","status":"publish","type":"post","link":"https:\/\/primerplanoirapuato.com\/index.php\/2025\/11\/25\/conmemoran-25-de-noviembre-con-la-campana-noestassola\/","title":{"rendered":"CONMEMORAN 25 DE NOVIEMBRE CON LA CAMPA\u00d1A #NOEST\u00c1SSOLA"},"content":{"rendered":"\n<p>Con la intenci\u00f3n de visibilizar la violencia que se ejerce contra las mujeres y de impulsar pol\u00edticas p\u00fablicas para su erradicaci\u00f3n, el Gobierno de Irapuato se suma a la conmemoraci\u00f3n del D\u00eda Internacional de la Eliminaci\u00f3n de la Violencia contra las Mujeres, que se realiza cada 25 de noviembre.<\/p>\n\n\n\n<p>A trav\u00e9s del Instituto Municipal de las Mujeres Irapuatenses (Inmira), se llev\u00f3 a cabo el evento \u201cNo Est\u00e1s Sola\u201d, en el que se entregaron 25 distintivos a representantes de colonias y comunidades que participaron en la campa\u00f1a \u201cNo al Acoso Callejero\u201d.<\/p>\n\n\n\n<p>Adem\u00e1s, se entregaron 51 distintivos \u201cAlianza Violeta por Irapuato\u201d a representantes de empresas, asociaciones civiles, escuelas y diversos sectores, como parte de las acciones de la estrategia Fomento de la Colaboraci\u00f3n Interinstitucional, cuyo objetivo es crear entornos seguros para las mujeres mediante la participaci\u00f3n ciudadana, en congruencia con el eje \u201cIrapuato, ciudadan\u00eda de alianzas y hermandad\u201d del Programa de Gobierno Municipal 2024-2027.<\/p>\n\n\n\n<p>Valeria Alfaro Garc\u00eda, presidenta del Sistema DIF Municipal, en representaci\u00f3n de la presidenta municipal Lorena Alfaro Garc\u00eda, destac\u00f3 el compromiso de seguir impulsando una agenda de igualdad entre mujeres y hombres, pues las pol\u00edticas de inclusi\u00f3n contribuyen a construir comunidades m\u00e1s pr\u00f3speras.<\/p>\n\n\n\n<p>Georgina Aboytes Guerrero, directora de Inmira, record\u00f3 que en Irapuato este d\u00eda no es solo una conmemoraci\u00f3n, sino un llamado a la acci\u00f3n y a la creaci\u00f3n de una red solidaria. Agradeci\u00f3 a las y los Aliados Agentes Violeta por su compromiso en la construcci\u00f3n de espacios seguros.<\/p>\n\n\n\n<p>Entre los principales avances destacan:<br>* El Gobierno Municipal se consolid\u00f3 como el primer municipio del estado en contar con una instancia de apoyo a mujeres con el 100% de su personal certificado en el est\u00e1ndar de competencia EC0497 \u201cOrientaci\u00f3n telef\u00f3nica a mujeres y v\u00edctimas de violencia basada en el g\u00e9nero\u201d.<br>* Fortalecimiento de la Casa de la Mujer.<br>* Emisi\u00f3n del Pronunciamiento de Cero Tolerancia a la Violencia de G\u00e9nero.<br>* Creaci\u00f3n de la Unidad Especializada en la Atenci\u00f3n de la Violencia de G\u00e9nero.<br>* Promoci\u00f3n de campa\u00f1as como \u201cNo al Acoso Callejero\u201d, \u201cJuntas Rompemos Esquemas\u201d y \u201cNo Est\u00e1s Sola\u201d.<\/p>\n\n\n\n<p><\/p>\n\n\n\n<p><\/p>\n\n\n\n<p><\/p>\n\n\n\n<p><\/p>\n","protected":false},"excerpt":{"rendered":"<p>Con la intenci\u00f3n de visibilizar la violencia que se ejerce contra las mujeres y de impulsar pol\u00edticas p\u00fablicas para su erradicaci\u00f3n, el Gobierno de Irapuato se suma a la conmemoraci\u00f3n del D\u00eda Internacional de la Eliminaci\u00f3n de la Violencia contra las Mujeres, que se realiza cada 25 de noviembre. A trav\u00e9s del Instituto Municipal de&#8230;<\/p>\n","protected":false},"author":1,"featured_media":10147,"comment_status":"open","ping_status":"closed","sticky":false,"template":"","format":"standard","meta":{"footnotes":""},"categories":[8],"tags":[],"class_list":["post-10146","post","type-post","status-publish","format-standard","has-post-thumbnail","hentry","category-irapuato"],"_links":{"self":[{"href":"https:\/\/primerplanoirapuato.com\/index.php\/wp-json\/wp\/v2\/posts\/10146","targetHints":{"allow":["GET"]}}],"collection":[{"href":"https:\/\/primerplanoirapuato.com\/index.php\/wp-json\/wp\/v2\/posts"}],"about":[{"href":"https:\/\/primerplanoirapuato.com\/index.php\/wp-json\/wp\/v2\/types\/post"}],"author":[{"embeddable":true,"href":"https:\/\/primerplanoirapuato.com\/index.php\/wp-json\/wp\/v2\/users\/1"}],"replies":[{"embeddable":true,"href":"https:\/\/primerplanoirapuato.com\/index.php\/wp-json\/wp\/v2\/comments?post=10146"}],"version-history":[{"count":1,"href":"https:\/\/primerplanoirapuato.com\/index.php\/wp-json\/wp\/v2\/posts\/10146\/revisions"}],"predecessor-version":[{"id":10148,"href":"https:\/\/primerplanoirapuato.com\/index.php\/wp-json\/wp\/v2\/posts\/10146\/revisions\/10148"}],"wp:featuredmedia":[{"embeddable":true,"href":"https:\/\/primerplanoirapuato.com\/index.php\/wp-json\/wp\/v2\/media\/10147"}],"wp:attachment":[{"href":"https:\/\/primerplanoirapuato.com\/index.php\/wp-json\/wp\/v2\/media?parent=10146"}],"wp:term":[{"taxonomy":"category","embeddable":true,"href":"https:\/\/primerplanoirapuato.com\/index.php\/wp-json\/wp\/v2\/categories?post=10146"},{"taxonomy":"post_tag","embeddable":true,"href":"https:\/\/primerplanoirapuato.com\/index.php\/wp-json\/wp\/v2\/tags?post=10146"}],"curies":[{"name":"wp","href":"https:\/\/api.w.org\/{rel}","templated":true}]}}