{"id":10119,"date":"2025-11-25T16:33:54","date_gmt":"2025-11-25T16:33:54","guid":{"rendered":"https:\/\/primerplanoirapuato.com\/?p=10119"},"modified":"2025-11-25T16:33:54","modified_gmt":"2025-11-25T16:33:54","slug":"fortalecen-a-familias-de-purisima-del-jardin-con-redes-y-espacios-de-paz","status":"publish","type":"post","link":"https:\/\/primerplanoirapuato.com\/index.php\/2025\/11\/25\/fortalecen-a-familias-de-purisima-del-jardin-con-redes-y-espacios-de-paz\/","title":{"rendered":"FORTALECEN A FAMILIAS DE PUR\u00cdSIMA DEL JARD\u00cdN CON REDES Y ESPACIOS DE PAZ"},"content":{"rendered":"\n<p>El Gobierno de Irapuato impulsa acciones de prevenci\u00f3n, inclusi\u00f3n, desarrollo, reintegraci\u00f3n social y construcci\u00f3n de paz desde el coraz\u00f3n de cada familia, colonia y comunidad. A trav\u00e9s del proyecto &#8216;Redes y Espacios de Paz&#8217;, se busca integrar a las y los habitantes, escuchar sus necesidades y fortalecer la unidad, la empat\u00eda y la convivencia arm\u00f3nica.<\/p>\n\n\n\n<p>Lorena Alfaro Garc\u00eda, presidenta municipal, destac\u00f3 la importancia de este programa encabezado por el Sistema DIF Irapuato, en coordinaci\u00f3n con diversas dependencias municipales, que en esta ocasi\u00f3n benefici\u00f3 a las familias de Pur\u00edsima del Jard\u00edn mediante talleres, pl\u00e1ticas y din\u00e1micas enfocadas en la prevenci\u00f3n de la violencia y la construcci\u00f3n de comunidades cohesionadas.<\/p>\n\n\n\n<p>Estefan\u00eda Segovia, participante del proyecto Redes y Espacios de Paz, destac\u00f3 que las pl\u00e1ticas fueron muy valiosas, pues les ayudaron a reforzar su autoestima y reconocer que las mujeres no solo est\u00e1n para cumplir roles tradicionales, pues tienen un prop\u00f3sito propio.<\/p>\n\n\n\n<p>Valeria Alfaro Garc\u00eda, presidenta del Sistema DIF Irapuato, explic\u00f3 que dentro de &#8216;Redes y Espacios de Paz&#8217; se trabaja la crianza positiva, adem\u00e1s de que el Instituto de las Mujeres Irapuatenses (Inmira) imparti\u00f3 pl\u00e1ticas y se implementaron acciones con j\u00f3venes de secundaria en temas de prevenci\u00f3n psicosocial.<\/p>\n","protected":false},"excerpt":{"rendered":"<p>El Gobierno de Irapuato impulsa acciones de prevenci\u00f3n, inclusi\u00f3n, desarrollo, reintegraci\u00f3n social y construcci\u00f3n de paz desde el coraz\u00f3n de cada familia, colonia y comunidad. A trav\u00e9s del proyecto &#8216;Redes y Espacios de Paz&#8217;, se busca integrar a las y los habitantes, escuchar sus necesidades y fortalecer la unidad, la empat\u00eda y la convivencia arm\u00f3nica&#8230;.<\/p>\n","protected":false},"author":1,"featured_media":10120,"comment_status":"open","ping_status":"closed","sticky":false,"template":"","format":"standard","meta":{"footnotes":""},"categories":[8],"tags":[],"class_list":["post-10119","post","type-post","status-publish","format-standard","has-post-thumbnail","hentry","category-irapuato"],"_links":{"self":[{"href":"https:\/\/primerplanoirapuato.com\/index.php\/wp-json\/wp\/v2\/posts\/10119","targetHints":{"allow":["GET"]}}],"collection":[{"href":"https:\/\/primerplanoirapuato.com\/index.php\/wp-json\/wp\/v2\/posts"}],"about":[{"href":"https:\/\/primerplanoirapuato.com\/index.php\/wp-json\/wp\/v2\/types\/post"}],"author":[{"embeddable":true,"href":"https:\/\/primerplanoirapuato.com\/index.php\/wp-json\/wp\/v2\/users\/1"}],"replies":[{"embeddable":true,"href":"https:\/\/primerplanoirapuato.com\/index.php\/wp-json\/wp\/v2\/comments?post=10119"}],"version-history":[{"count":1,"href":"https:\/\/primerplanoirapuato.com\/index.php\/wp-json\/wp\/v2\/posts\/10119\/revisions"}],"predecessor-version":[{"id":10121,"href":"https:\/\/primerplanoirapuato.com\/index.php\/wp-json\/wp\/v2\/posts\/10119\/revisions\/10121"}],"wp:featuredmedia":[{"embeddable":true,"href":"https:\/\/primerplanoirapuato.com\/index.php\/wp-json\/wp\/v2\/media\/10120"}],"wp:attachment":[{"href":"https:\/\/primerplanoirapuato.com\/index.php\/wp-json\/wp\/v2\/media?parent=10119"}],"wp:term":[{"taxonomy":"category","embeddable":true,"href":"https:\/\/primerplanoirapuato.com\/index.php\/wp-json\/wp\/v2\/categories?post=10119"},{"taxonomy":"post_tag","embeddable":true,"href":"https:\/\/primerplanoirapuato.com\/index.php\/wp-json\/wp\/v2\/tags?post=10119"}],"curies":[{"name":"wp","href":"https:\/\/api.w.org\/{rel}","templated":true}]}}