{"id":10109,"date":"2025-11-25T01:21:01","date_gmt":"2025-11-25T01:21:01","guid":{"rendered":"https:\/\/primerplanoirapuato.com\/?p=10109"},"modified":"2025-11-25T01:21:01","modified_gmt":"2025-11-25T01:21:01","slug":"penjamo-impulsa-jornada-de-sensibilizacion-en-el-dia-internacional-de-la-no-violencia-contra-la-mujer","status":"publish","type":"post","link":"https:\/\/primerplanoirapuato.com\/index.php\/2025\/11\/25\/penjamo-impulsa-jornada-de-sensibilizacion-en-el-dia-internacional-de-la-no-violencia-contra-la-mujer\/","title":{"rendered":"P\u00e9njamo impulsa jornada de sensibilizaci\u00f3n en el D\u00eda Internacional de la No Violencia contra la Mujer"},"content":{"rendered":"\n<p>P\u00e9njamo, Gto.- En el marco del D\u00eda Internacional de la Eliminaci\u00f3n de la Violencia contra la Mujer, el Gobierno Municipal de P\u00e9njamo realiz\u00f3 una jornada de actividades conmemorativas en el auditorio de la Casa de la Cultura Plazuelas, con el objetivo de promover la prevenci\u00f3n, atenci\u00f3n y sensibilizaci\u00f3n sobre las diversas formas de violencia que enfrentan mujeres y ni\u00f1as.<\/p>\n\n\n\n<p>El evento fue encabezado por la regidora Katia Susana Alvarado Hern\u00e1ndez, en representaci\u00f3n de la presidenta municipal Yozajamby Molina. La acompa\u00f1aron las regidoras Lizbeth Villalobos Maga\u00f1a, Leticia Arroyo Rodr\u00edguez, el regidor Luis Alberto Reyes Valle, as\u00ed como la presidenta del DIF Municipal, Cony Balver.<\/p>\n\n\n\n<p>Tambi\u00e9n estuvieron presentes Mar\u00eda Guadalupe Tafoya Flores, titular del Instituto de la Mujer Penjamense, y Laura Elizabeth V\u00e1zquez Villanueva, coordinadora del Centro Libre P\u00e9njamo, instituciones organizadoras del programa conmemorativo.<\/p>\n\n\n\n<p>Las actividades del d\u00eda comenzaron en la ma\u00f1ana con la conferencia \u201cLas violencias que vivimos\u201d, en la que se abordaron conceptos b\u00e1sicos sobre los diferentes tipos de violencia y una breve historia del 25 de noviembre.<\/p>\n\n\n\n<p>Posteriormente, se realiz\u00f3 el conversatorio \u201cEs violencia\u2026\u201d, espacio donde mujeres de distintos \u00e1mbitos compartieron experiencias personales y reflexiones sobre las violencias que enfrentan en su vida cotidiana.<\/p>\n\n\n\n<p>Al mediod\u00eda se llev\u00f3 a cabo la Exposici\u00f3n Art\u00edstica de Videos Cortos Alusivos a la Conmemoraci\u00f3n, que incluy\u00f3 la premiaci\u00f3n del concurso de videos enfocado en la eliminaci\u00f3n de la violencia contra las mujeres, con la participaci\u00f3n de j\u00f3venes creadoras y creadores del municipio.<\/p>\n\n\n\n<p>El programa forma parte de una serie de acciones que el municipio impulsa para fortalecer la sensibilizaci\u00f3n social y construir entornos m\u00e1s seguros, igualitarios y libres de violencia.<\/p>\n\n\n\n<p>A trav\u00e9s de conferencias, conversatorios, expresiones art\u00edsticas y actividades comunitarias, se busca generar conciencia sobre la importancia de prevenir, detectar y denunciar cualquier forma de violencia de g\u00e9nero.<\/p>\n\n\n\n<p>Las autoridades reiteraron su compromiso de seguir trabajando conjuntamente con el Instituto de la Mujer Penjamense y el Centro Libre P\u00e9njamo para brindar atenci\u00f3n, acompa\u00f1amiento y herramientas que permitan avanzar hacia la erradicaci\u00f3n de la violencia contra las mujeres, subrayando que esta lucha concierne a toda la sociedad.<\/p>\n","protected":false},"excerpt":{"rendered":"<p>P\u00e9njamo, Gto.- En el marco del D\u00eda Internacional de la Eliminaci\u00f3n de la Violencia contra la Mujer, el Gobierno Municipal de P\u00e9njamo realiz\u00f3 una jornada de actividades conmemorativas en el auditorio de la Casa de la Cultura Plazuelas, con el objetivo de promover la prevenci\u00f3n, atenci\u00f3n y sensibilizaci\u00f3n sobre las diversas formas de violencia que&#8230;<\/p>\n","protected":false},"author":1,"featured_media":10110,"comment_status":"open","ping_status":"closed","sticky":false,"template":"","format":"standard","meta":{"footnotes":""},"categories":[9],"tags":[],"class_list":["post-10109","post","type-post","status-publish","format-standard","has-post-thumbnail","hentry","category-nacional"],"_links":{"self":[{"href":"https:\/\/primerplanoirapuato.com\/index.php\/wp-json\/wp\/v2\/posts\/10109","targetHints":{"allow":["GET"]}}],"collection":[{"href":"https:\/\/primerplanoirapuato.com\/index.php\/wp-json\/wp\/v2\/posts"}],"about":[{"href":"https:\/\/primerplanoirapuato.com\/index.php\/wp-json\/wp\/v2\/types\/post"}],"author":[{"embeddable":true,"href":"https:\/\/primerplanoirapuato.com\/index.php\/wp-json\/wp\/v2\/users\/1"}],"replies":[{"embeddable":true,"href":"https:\/\/primerplanoirapuato.com\/index.php\/wp-json\/wp\/v2\/comments?post=10109"}],"version-history":[{"count":1,"href":"https:\/\/primerplanoirapuato.com\/index.php\/wp-json\/wp\/v2\/posts\/10109\/revisions"}],"predecessor-version":[{"id":10111,"href":"https:\/\/primerplanoirapuato.com\/index.php\/wp-json\/wp\/v2\/posts\/10109\/revisions\/10111"}],"wp:featuredmedia":[{"embeddable":true,"href":"https:\/\/primerplanoirapuato.com\/index.php\/wp-json\/wp\/v2\/media\/10110"}],"wp:attachment":[{"href":"https:\/\/primerplanoirapuato.com\/index.php\/wp-json\/wp\/v2\/media?parent=10109"}],"wp:term":[{"taxonomy":"category","embeddable":true,"href":"https:\/\/primerplanoirapuato.com\/index.php\/wp-json\/wp\/v2\/categories?post=10109"},{"taxonomy":"post_tag","embeddable":true,"href":"https:\/\/primerplanoirapuato.com\/index.php\/wp-json\/wp\/v2\/tags?post=10109"}],"curies":[{"name":"wp","href":"https:\/\/api.w.org\/{rel}","templated":true}]}}