{"id":10106,"date":"2025-11-24T22:30:06","date_gmt":"2025-11-24T22:30:06","guid":{"rendered":"https:\/\/primerplanoirapuato.com\/?p=10106"},"modified":"2025-11-24T22:30:06","modified_gmt":"2025-11-24T22:30:06","slug":"arranca-obra-en-callejon-aldama","status":"publish","type":"post","link":"https:\/\/primerplanoirapuato.com\/index.php\/2025\/11\/24\/arranca-obra-en-callejon-aldama\/","title":{"rendered":"Arranca obra en callej\u00f3n Aldama"},"content":{"rendered":"\n<p>El Gobierno Municipal de Abasolo dio arranque a la rehabilitaci\u00f3n del Callej\u00f3n Peatonal Aldama, ubicado en la Colonia Centro, uno de los accesos principales al Mercado Hidalgo y un punto clave para el tr\u00e1nsito de familias, estudiantes y comerciantes.<\/p>\n\n\n\n<p>El arranque de obra estuvo encabezado por el&nbsp;Presidente&nbsp;Municipal,&nbsp;Job&nbsp;Gallardo, acompa\u00f1ado por el&nbsp;Secretario del Ayuntamiento, Gerardo Alvarado Ceballos, el&nbsp;Director de Obras P\u00fablicas, Alejandro Ortega Camarena, as\u00ed como regidoras y regidores del H. Ayuntamiento y p\u00fablico en general, quienes presenciaron el inicio de esta importante intervenci\u00f3n urbana.<\/p>\n\n\n\n<p>La obra contempla la renovaci\u00f3n del callej\u00f3n, mejorando su superficie y condiciones de movilidad, lo que permitir\u00e1 ofrecer un espacio m\u00e1s seguro, digno y accesible para quienes lo transitan diariamente.&nbsp;Esta rehabilitaci\u00f3n beneficiar\u00e1 directamente a las y los comerciantes, al ubicarse en una de&nbsp;las&nbsp;entradas principales&nbsp;de sus negocios dentro y fuera del Mercado Hidalgo, as\u00ed como tambi\u00e9n&nbsp;mejorar el flujo peatonal hacia este punto econ\u00f3mico tan relevante.<\/p>\n\n\n\n<p>Con acciones como esta, el Gobierno Municipal reafirma su compromiso de seguir impulsando obras que transforman y fortalecen la infraestructura de Abasolo, priorizando los espacios que dan vida al comercio local y a la convivencia comunitaria.<\/p>\n","protected":false},"excerpt":{"rendered":"<p>El Gobierno Municipal de Abasolo dio arranque a la rehabilitaci\u00f3n del Callej\u00f3n Peatonal Aldama, ubicado en la Colonia Centro, uno de los accesos principales al Mercado Hidalgo y un punto clave para el tr\u00e1nsito de familias, estudiantes y comerciantes. El arranque de obra estuvo encabezado por el&nbsp;Presidente&nbsp;Municipal,&nbsp;Job&nbsp;Gallardo, acompa\u00f1ado por el&nbsp;Secretario del Ayuntamiento, Gerardo Alvarado Ceballos,&#8230;<\/p>\n","protected":false},"author":1,"featured_media":10107,"comment_status":"open","ping_status":"closed","sticky":false,"template":"","format":"standard","meta":{"footnotes":""},"categories":[3],"tags":[],"class_list":["post-10106","post","type-post","status-publish","format-standard","has-post-thumbnail","hentry","category-abasolo"],"_links":{"self":[{"href":"https:\/\/primerplanoirapuato.com\/index.php\/wp-json\/wp\/v2\/posts\/10106","targetHints":{"allow":["GET"]}}],"collection":[{"href":"https:\/\/primerplanoirapuato.com\/index.php\/wp-json\/wp\/v2\/posts"}],"about":[{"href":"https:\/\/primerplanoirapuato.com\/index.php\/wp-json\/wp\/v2\/types\/post"}],"author":[{"embeddable":true,"href":"https:\/\/primerplanoirapuato.com\/index.php\/wp-json\/wp\/v2\/users\/1"}],"replies":[{"embeddable":true,"href":"https:\/\/primerplanoirapuato.com\/index.php\/wp-json\/wp\/v2\/comments?post=10106"}],"version-history":[{"count":1,"href":"https:\/\/primerplanoirapuato.com\/index.php\/wp-json\/wp\/v2\/posts\/10106\/revisions"}],"predecessor-version":[{"id":10108,"href":"https:\/\/primerplanoirapuato.com\/index.php\/wp-json\/wp\/v2\/posts\/10106\/revisions\/10108"}],"wp:featuredmedia":[{"embeddable":true,"href":"https:\/\/primerplanoirapuato.com\/index.php\/wp-json\/wp\/v2\/media\/10107"}],"wp:attachment":[{"href":"https:\/\/primerplanoirapuato.com\/index.php\/wp-json\/wp\/v2\/media?parent=10106"}],"wp:term":[{"taxonomy":"category","embeddable":true,"href":"https:\/\/primerplanoirapuato.com\/index.php\/wp-json\/wp\/v2\/categories?post=10106"},{"taxonomy":"post_tag","embeddable":true,"href":"https:\/\/primerplanoirapuato.com\/index.php\/wp-json\/wp\/v2\/tags?post=10106"}],"curies":[{"name":"wp","href":"https:\/\/api.w.org\/{rel}","templated":true}]}}