{"id":10103,"date":"2025-11-24T20:03:58","date_gmt":"2025-11-24T20:03:58","guid":{"rendered":"https:\/\/primerplanoirapuato.com\/?p=10103"},"modified":"2025-11-24T20:03:58","modified_gmt":"2025-11-24T20:03:58","slug":"abasolo-vive-la-4-a-edicion-de-la-rodada-ciclista-fridas","status":"publish","type":"post","link":"https:\/\/primerplanoirapuato.com\/index.php\/2025\/11\/24\/abasolo-vive-la-4-a-edicion-de-la-rodada-ciclista-fridas\/","title":{"rendered":"Abasolo vive la 4.\u00aa Edici\u00f3n de la Rodada Ciclista \u201cFRIDAS\u201d"},"content":{"rendered":"\n<p>El&nbsp;Poliforum&nbsp;Miguel Hidalgo fue el punto de encuentro para la 4.\u00aa edici\u00f3n de la Rodada Ciclista \u201cFRIDAS\u201d, un evento deportivo que reuni\u00f3 a equipos de ciclismo de diferentes municipios, integrados por mujeres y hombres que comparten la pasi\u00f3n por rodar y promover estilos de vida saludables.<\/p>\n\n\n\n<p>La rodada, organizada por el equipo&nbsp;\u201cFRIDAS\u201d en coordinaci\u00f3n con la direcci\u00f3n de Cultura F\u00edsica y Deporte, se ha consolidado como una actividad anual que fomenta la convivencia familiar, el deporte y el compa\u00f1erismo entre ciclistas de todas las edades. Con gran entusiasmo, los participantes recorrieron diversas calles del municipio, disfrutando de una ruta segura y dise\u00f1ada para el disfrute colectivo.<\/p>\n\n\n\n<p>Este encuentro ciclista destaca por su ambiente de compa\u00f1erismo, donde la comunidad se une m\u00e1s all\u00e1 de colores, equipos o municipios, demostrando que el deporte tiene la capacidad de conectar, motivar e inspirar.<\/p>\n\n\n\n<p>El Gobierno Municipal de Abasolo reconoce la importancia de promover actividades que fortalezcan la salud, la participaci\u00f3n social y el uso responsable del espacio p\u00fablico, celebrando eventos que re\u00fanan a la ciudadan\u00eda en torno al movimiento y la sana convivencia.&nbsp;<\/p>\n","protected":false},"excerpt":{"rendered":"<p>El&nbsp;Poliforum&nbsp;Miguel Hidalgo fue el punto de encuentro para la 4.\u00aa edici\u00f3n de la Rodada Ciclista \u201cFRIDAS\u201d, un evento deportivo que reuni\u00f3 a equipos de ciclismo de diferentes municipios, integrados por mujeres y hombres que comparten la pasi\u00f3n por rodar y promover estilos de vida saludables. La rodada, organizada por el equipo&nbsp;\u201cFRIDAS\u201d en coordinaci\u00f3n con la&#8230;<\/p>\n","protected":false},"author":1,"featured_media":10104,"comment_status":"open","ping_status":"closed","sticky":false,"template":"","format":"standard","meta":{"footnotes":""},"categories":[3],"tags":[],"class_list":["post-10103","post","type-post","status-publish","format-standard","has-post-thumbnail","hentry","category-abasolo"],"_links":{"self":[{"href":"https:\/\/primerplanoirapuato.com\/index.php\/wp-json\/wp\/v2\/posts\/10103","targetHints":{"allow":["GET"]}}],"collection":[{"href":"https:\/\/primerplanoirapuato.com\/index.php\/wp-json\/wp\/v2\/posts"}],"about":[{"href":"https:\/\/primerplanoirapuato.com\/index.php\/wp-json\/wp\/v2\/types\/post"}],"author":[{"embeddable":true,"href":"https:\/\/primerplanoirapuato.com\/index.php\/wp-json\/wp\/v2\/users\/1"}],"replies":[{"embeddable":true,"href":"https:\/\/primerplanoirapuato.com\/index.php\/wp-json\/wp\/v2\/comments?post=10103"}],"version-history":[{"count":1,"href":"https:\/\/primerplanoirapuato.com\/index.php\/wp-json\/wp\/v2\/posts\/10103\/revisions"}],"predecessor-version":[{"id":10105,"href":"https:\/\/primerplanoirapuato.com\/index.php\/wp-json\/wp\/v2\/posts\/10103\/revisions\/10105"}],"wp:featuredmedia":[{"embeddable":true,"href":"https:\/\/primerplanoirapuato.com\/index.php\/wp-json\/wp\/v2\/media\/10104"}],"wp:attachment":[{"href":"https:\/\/primerplanoirapuato.com\/index.php\/wp-json\/wp\/v2\/media?parent=10103"}],"wp:term":[{"taxonomy":"category","embeddable":true,"href":"https:\/\/primerplanoirapuato.com\/index.php\/wp-json\/wp\/v2\/categories?post=10103"},{"taxonomy":"post_tag","embeddable":true,"href":"https:\/\/primerplanoirapuato.com\/index.php\/wp-json\/wp\/v2\/tags?post=10103"}],"curies":[{"name":"wp","href":"https:\/\/api.w.org\/{rel}","templated":true}]}}