{"id":10100,"date":"2025-11-24T19:59:53","date_gmt":"2025-11-24T19:59:53","guid":{"rendered":"https:\/\/primerplanoirapuato.com\/?p=10100"},"modified":"2025-11-24T19:59:53","modified_gmt":"2025-11-24T19:59:53","slug":"susurros-resonantes-en-peralta","status":"publish","type":"post","link":"https:\/\/primerplanoirapuato.com\/index.php\/2025\/11\/24\/susurros-resonantes-en-peralta\/","title":{"rendered":"Susurros resonantes en Peralta"},"content":{"rendered":"\n<p>La Zona Arqueol\u00f3gica de Peralta se convirti\u00f3 en el escenario ideal para celebrar el Concierto de Aniversario \u201cSusurros Resonantes\u201d, un encuentro cultural que uni\u00f3 historia, voz y poes\u00eda en un ambiente profundamente emotivo.<\/p>\n\n\n\n<p>En esta ocasi\u00f3n, Peralta vibr\u00f3 con la presencia y el talento de Katja&nbsp;\u0160ulc, artista invitada desde Eslovenia, quien comparti\u00f3 con el p\u00fablico una presentaci\u00f3n \u00edntima y evocadora. Su voz, acompa\u00f1ada de sonidos et\u00e9reos y una narrativa po\u00e9tica, envolvi\u00f3 el sitio arqueol\u00f3gico en una atm\u00f3sfera contemplativa que conect\u00f3 al presente con la memoria de nuestros pueblos ancestrales.<\/p>\n\n\n\n<p>El p\u00fablico asistente disfrut\u00f3 de una experiencia \u00fanica donde el arte contempor\u00e1neo dialog\u00f3 con la riqueza hist\u00f3rica del lugar, dando como resultado un momento inolvidable que fortaleci\u00f3 la identidad cultural y puso en valor el patrimonio que caracteriza a la regi\u00f3n.<\/p>\n\n\n\n<p>Este Concierto de Aniversario reafirma la importancia de promover actividades que acerquen a la ciudadan\u00eda a expresiones art\u00edsticas diversas, reconociendo en Peralta un espacio vivo que inspira, conecta y resuena con quienes lo visitan.<\/p>\n\n\n\n<p><\/p>\n\n\n\n<p><\/p>\n\n\n\n<p><\/p>\n\n\n\n<p><\/p>\n","protected":false},"excerpt":{"rendered":"<p>La Zona Arqueol\u00f3gica de Peralta se convirti\u00f3 en el escenario ideal para celebrar el Concierto de Aniversario \u201cSusurros Resonantes\u201d, un encuentro cultural que uni\u00f3 historia, voz y poes\u00eda en un ambiente profundamente emotivo. En esta ocasi\u00f3n, Peralta vibr\u00f3 con la presencia y el talento de Katja&nbsp;\u0160ulc, artista invitada desde Eslovenia, quien comparti\u00f3 con el p\u00fablico&#8230;<\/p>\n","protected":false},"author":1,"featured_media":10101,"comment_status":"open","ping_status":"closed","sticky":false,"template":"","format":"standard","meta":{"footnotes":""},"categories":[3],"tags":[],"class_list":["post-10100","post","type-post","status-publish","format-standard","has-post-thumbnail","hentry","category-abasolo"],"_links":{"self":[{"href":"https:\/\/primerplanoirapuato.com\/index.php\/wp-json\/wp\/v2\/posts\/10100","targetHints":{"allow":["GET"]}}],"collection":[{"href":"https:\/\/primerplanoirapuato.com\/index.php\/wp-json\/wp\/v2\/posts"}],"about":[{"href":"https:\/\/primerplanoirapuato.com\/index.php\/wp-json\/wp\/v2\/types\/post"}],"author":[{"embeddable":true,"href":"https:\/\/primerplanoirapuato.com\/index.php\/wp-json\/wp\/v2\/users\/1"}],"replies":[{"embeddable":true,"href":"https:\/\/primerplanoirapuato.com\/index.php\/wp-json\/wp\/v2\/comments?post=10100"}],"version-history":[{"count":1,"href":"https:\/\/primerplanoirapuato.com\/index.php\/wp-json\/wp\/v2\/posts\/10100\/revisions"}],"predecessor-version":[{"id":10102,"href":"https:\/\/primerplanoirapuato.com\/index.php\/wp-json\/wp\/v2\/posts\/10100\/revisions\/10102"}],"wp:featuredmedia":[{"embeddable":true,"href":"https:\/\/primerplanoirapuato.com\/index.php\/wp-json\/wp\/v2\/media\/10101"}],"wp:attachment":[{"href":"https:\/\/primerplanoirapuato.com\/index.php\/wp-json\/wp\/v2\/media?parent=10100"}],"wp:term":[{"taxonomy":"category","embeddable":true,"href":"https:\/\/primerplanoirapuato.com\/index.php\/wp-json\/wp\/v2\/categories?post=10100"},{"taxonomy":"post_tag","embeddable":true,"href":"https:\/\/primerplanoirapuato.com\/index.php\/wp-json\/wp\/v2\/tags?post=10100"}],"curies":[{"name":"wp","href":"https:\/\/api.w.org\/{rel}","templated":true}]}}