{"id":10093,"date":"2025-11-24T19:40:48","date_gmt":"2025-11-24T19:40:48","guid":{"rendered":"https:\/\/primerplanoirapuato.com\/?p=10093"},"modified":"2025-11-24T19:40:48","modified_gmt":"2025-11-24T19:40:48","slug":"entrega-de-apoyos-del-programa-empleo-temporal-en-la-zona-urbana","status":"publish","type":"post","link":"https:\/\/primerplanoirapuato.com\/index.php\/2025\/11\/24\/entrega-de-apoyos-del-programa-empleo-temporal-en-la-zona-urbana\/","title":{"rendered":"ENTREGA DE APOYOS DEL PROGRAMA EMPLEO TEMPORAL EN LA ZONA URBANA"},"content":{"rendered":"\n<p>Con el objetivo de contribuir al bienestar socioecon\u00f3mico de las y los irapuatenses mayores de 18 a\u00f1os, el Gobierno Municipal llev\u00f3 a cabo la entrega de apoyos del programa Empleo Temporal en la Zona Urbana, beneficiando a m\u00e1s de 400 personas.<\/p>\n\n\n\n<p>Las y los participantes realizaron proyectos y acciones de beneficio comunitario, tales como conservaci\u00f3n ambiental, reconstrucci\u00f3n y mantenimiento de caminos, calles, parques y bald\u00edos; actividades de gu\u00eda e informaci\u00f3n en espacios p\u00fablicos; conservaci\u00f3n de infraestructura individual y comunitaria; as\u00ed como trabajos en bordos, accesos y puentes peatonales, con el fin de mejorar el entorno familiar y social.<\/p>\n\n\n\n<p>Lorena Alfaro Garc\u00eda, presidenta municipal, felicit\u00f3 a quienes integraron este programa por demostrar que, cuando la comunidad se une, el entorno se transforma y la convivencia mejora.<\/p>\n\n\n\n<p>Liliana Flores Rodr\u00edguez, directora de Desarrollo Social y Humano, destac\u00f3 que la colaboraci\u00f3n de la ciudadan\u00eda con el Gobierno Municipal es una muestra clara de que el trabajo colectivo genera resultados visibles.<\/p>\n\n\n\n<p>Juana Esmeralda Rocha, beneficiaria de la colonia Las Liebres, comparti\u00f3 los resultados de los trabajos realizados en su comunidad.<\/p>\n\n\n\n<p>Las y los 400 beneficiarios provienen de colonias como Las Carmelitas, Ganadera, Valle del Sol, Los \u00c1lamos, Las Liebres, San Juan de Retana, San Miguelito, Ignacio Allende, Barrio de San Vicente, Santiaguito y Calzada de Guadalupe.<\/p>\n","protected":false},"excerpt":{"rendered":"<p>Con el objetivo de contribuir al bienestar socioecon\u00f3mico de las y los irapuatenses mayores de 18 a\u00f1os, el Gobierno Municipal llev\u00f3 a cabo la entrega de apoyos del programa Empleo Temporal en la Zona Urbana, beneficiando a m\u00e1s de 400 personas. Las y los participantes realizaron proyectos y acciones de beneficio comunitario, tales como conservaci\u00f3n&#8230;<\/p>\n","protected":false},"author":1,"featured_media":10094,"comment_status":"open","ping_status":"closed","sticky":false,"template":"","format":"standard","meta":{"footnotes":""},"categories":[8],"tags":[],"class_list":["post-10093","post","type-post","status-publish","format-standard","has-post-thumbnail","hentry","category-irapuato"],"_links":{"self":[{"href":"https:\/\/primerplanoirapuato.com\/index.php\/wp-json\/wp\/v2\/posts\/10093","targetHints":{"allow":["GET"]}}],"collection":[{"href":"https:\/\/primerplanoirapuato.com\/index.php\/wp-json\/wp\/v2\/posts"}],"about":[{"href":"https:\/\/primerplanoirapuato.com\/index.php\/wp-json\/wp\/v2\/types\/post"}],"author":[{"embeddable":true,"href":"https:\/\/primerplanoirapuato.com\/index.php\/wp-json\/wp\/v2\/users\/1"}],"replies":[{"embeddable":true,"href":"https:\/\/primerplanoirapuato.com\/index.php\/wp-json\/wp\/v2\/comments?post=10093"}],"version-history":[{"count":1,"href":"https:\/\/primerplanoirapuato.com\/index.php\/wp-json\/wp\/v2\/posts\/10093\/revisions"}],"predecessor-version":[{"id":10095,"href":"https:\/\/primerplanoirapuato.com\/index.php\/wp-json\/wp\/v2\/posts\/10093\/revisions\/10095"}],"wp:featuredmedia":[{"embeddable":true,"href":"https:\/\/primerplanoirapuato.com\/index.php\/wp-json\/wp\/v2\/media\/10094"}],"wp:attachment":[{"href":"https:\/\/primerplanoirapuato.com\/index.php\/wp-json\/wp\/v2\/media?parent=10093"}],"wp:term":[{"taxonomy":"category","embeddable":true,"href":"https:\/\/primerplanoirapuato.com\/index.php\/wp-json\/wp\/v2\/categories?post=10093"},{"taxonomy":"post_tag","embeddable":true,"href":"https:\/\/primerplanoirapuato.com\/index.php\/wp-json\/wp\/v2\/tags?post=10093"}],"curies":[{"name":"wp","href":"https:\/\/api.w.org\/{rel}","templated":true}]}}